{"id":48248,"date":"2025-08-12T09:35:03","date_gmt":"2025-08-12T06:35:03","guid":{"rendered":"https:\/\/www.egemtv.com\/?p=48248"},"modified":"2025-08-12T09:35:04","modified_gmt":"2025-08-12T06:35:04","slug":"camelinde-bir-hafta-surecek-festival-coskusu-basladi","status":"publish","type":"post","link":"https:\/\/www.egemtv.com\/?p=48248","title":{"rendered":"\u00c7ameli\u2019nde bir hafta s\u00fcrecek festival co\u015fkusu ba\u015flad\u0131"},"content":{"rendered":"<p>DEN\u0130ZL\u0130 (\u0130HA) \u2013 Denizli\u2019nin \u00c7ameli il\u00e7esinde, 7 g\u00fcn boyunca bir birinden farkl\u0131 etkinliklerle s\u00fcrecek olan 9. \u00c7ameli K\u00fclt\u00fcr, Turizm, Tar\u0131m ve Do\u011fa Sporlar\u0131 Festivali b\u00fcy\u00fck bir heyecan ve kat\u0131l\u0131mla ba\u015flad\u0131.<\/p>\n<p>\u00c7ameli Belediyesi taraf\u0131ndan d\u00fczenlenen 9. \u00c7ameli K\u00fclt\u00fcr, Turizm, Tar\u0131m ve Do\u011fa Sporlar\u0131 Festivali y\u00f6resel etkinliklerle ba\u015flad\u0131. 11 A\u011fustos Pazartesi g\u00fcn\u00fc kortej y\u00fcr\u00fcy\u00fc\u015f\u00fc, mehteran g\u00f6sterisi ile ba\u015flayan festival 17 A\u011fustos 2025 Pazar g\u00fcn\u00fcne kadar tam 7 g\u00fcn boyunca devam edecek. Festival program\u0131 mehteran g\u00f6sterisi ve kortej y\u00fcr\u00fcy\u00fc\u015f\u00fcyle ba\u015flad\u0131. A\u00e7\u0131l\u0131\u015fa AK Parti Genel Ba\u015fkan Yard\u0131mc\u0131s\u0131 ve Ekonomi \u0130\u015fleri Ba\u015fkan\u0131 Nihat Zeybekci, AK Parti Denizli Milletvekilleri, AK Parti Denizli \u0130l Ba\u015fkan\u0131 Muhammet Suba\u015f\u0131o\u011flu, Baklan ile Babada\u011f Belediye Ba\u015fkanlar\u0131 ve \u00c7ameli Belediye Ba\u015fkan\u0131 Cengiz Arslan, \u00c7ameli Belediyesi Meclis \u00dcyeleri, mahalle muhtarlar\u0131, STK temsilcileri ve vatanda\u015flar kat\u0131ld\u0131.<\/p>\n<p>&#8220;Hem tar\u0131mda hem turizmde y\u00fcr\u00fcmek hedefimiz&#8221;<br \/>\n<br \/>Bu y\u0131l 9\u2019uncusu d\u00fczenlenen festivalin a\u00e7\u0131l\u0131\u015f\u0131na kat\u0131lan davetlilere te\u015fekk\u00fcr eden \u00c7ameli Belediye Ba\u015fkan\u0131 Cengiz Arslan, festivalin ge\u00e7ti\u011fimiz y\u0131llara g\u00f6re daha uzun s\u00fcreye yay\u0131ld\u0131\u011f\u0131n\u0131 ve yerel sanat\u00e7\u0131lara, y\u00f6resel oyunlar ile geleneklere sahip \u00e7\u0131k\u0131lmas\u0131 gerekti\u011fini vurgulad\u0131. Ba\u015fkan Arslan, &#8220;En son festivali 2022 y\u0131l\u0131nda yapm\u0131\u015ft\u0131k. Malum \u015fuanda piyasada sanat\u00e7\u0131 \u00fccretleri pahal\u0131, bende 1-2 Milyon TL vermeye kar\u015f\u0131y\u0131m demi\u015ftim. En g\u00fczeli y\u00f6resel sanat\u00e7\u0131larla yapal\u0131m demi\u015fti bakan\u0131m\u0131z. Oturduk ve bunu planlad\u0131k. 7 G\u00fcnl\u00fck il\u00e7emize hareket kazand\u0131racak. Kendi vatanda\u015flar\u0131m\u0131zla, kendi yerli sanat\u00e7\u0131lar\u0131m\u0131z ve TRT sanat\u00e7\u0131lar\u0131m\u0131zla bize g\u00f6re g\u00fczel bir program haz\u0131rlad\u0131k. Hayri Dev rahmetli amcam\u0131z vard\u0131. Onun yerine Muhammet Ko\u00e7 abimiz son temsilcimiz. \u00c7ameli\u2019nin y\u00f6resel oyunlar\u0131n\u0131 da Alper \u00c7a\u011fda\u015f\u2019la g\u00f6stermi\u015f olaca\u011f\u0131z. Tabi bizim 3 telli ba\u011flamam\u0131z, ama bir de koza\u011fa\u00e7lar\u0131n 2 telli curas\u0131 var. \u00c7ok g\u00fczel dirmil sipsisi ve 2 telli koza\u011fa\u00e7 curas\u0131 \u00e7al\u0131yor.  Tabi bizler d\u00fcnyan\u0131n 307, T\u00fcrkiye\u2019nin 29\u2019uncu sakin \u015fehriyiz. Sakinli\u011fimizi bozmadan hem tar\u0131mda hem turizmde y\u00fcr\u00fcmek hedeflerimizden bir tanesidir.&#8221; dedi.<\/p>\n<p>&#8220;B\u00f6lgenin en b\u00fcy\u00fck ceviz \u00fcreticisi \u00c7ameli il\u00e7esi olacak&#8221;<br \/>\n<br \/>\u0130l\u00e7ede yap\u0131lan \u00e7al\u0131\u015fmalardan ve desteklerden bahseden \u00c7ameli Belediye Ba\u015fkan\u0131 Cengiz Arslan, &#8220;11 Y\u0131lda \u00e7ok g\u00fczel yat\u0131r\u0131mlar yapt\u0131k. Tar\u0131ma g\u00fczel destekler verdik. Biz ge\u00e7en y\u0131l, 60 milyonun \u00fczerinde kuru fasulyeden gelir elde ettik. \u015eu anda sulu tar\u0131ma ge\u00e7memiz laz\u0131m. Bunun ilgili de 8 tane g\u00f6letimiz var. Bunlardan 4 tanesini yapt\u0131k di\u011fer 4\u2019\u00fcde yat\u0131r\u0131m k\u0131sm\u0131ndalar. Ne kadar sulu tar\u0131ma ge\u00e7ersek \u00c7ameli fasulyesini o kadar fazla \u00fcretmi\u015f olaca\u011f\u0131z. Ceviz en b\u00fcy\u00fck kalemlerimizden bir tanesi Tavasl\u0131lar\u0131 ceviz \u00fcretimin ge\u00e7ece\u011fiz in\u015fallah. \u00c7ameli aromas\u0131yla yeni ceviziyle \u00e7etn\u0131r ceviziyle \u015fuanda T\u00fcrkiye\u2019de bir numara. Ge\u00e7en y\u0131l cevizden 423 milyon TL gelir elde etmi\u015fiz. 5 Y\u0131lda 500 bin fidan da\u011f\u0131t\u0131m\u0131 yapt\u0131k ve 3 y\u0131l sonra inan\u0131yorum ki bu b\u00f6lgenin en b\u00fcy\u00fck ceviz \u00fcreticisi \u00c7ameli il\u00e7esi olacak. Vatanda\u015flar\u0131m\u0131z in\u015fallah para kazanacak. \u00d6rt\u00fc alt\u0131na destek verdik. \u015eu anda ge\u00e7en y\u0131l 201 milyon civar\u0131nda \u00f6rt\u00fc alt\u0131ndan para kazanm\u0131\u015f\u0131z. \u015eu anda 700 d\u00f6n\u00fcm \u00fczerinde bir sera varl\u0131\u011f\u0131m\u0131z var. \u0130n\u015fallah bu sera varl\u0131\u011f\u0131m\u0131z\u0131 artt\u0131rarak gelirleri de artt\u0131rmak hedefimiz. S\u00fct \u00fcretiminde 412 milyon TL, 150 milyon TL ise sadece alabal\u0131k \u00fcretiminden bir gelirimiz var. Vatanda\u015flar\u0131n\u0131z \u00e7ok g\u00fczel alabal\u0131k yumurtas\u0131 ve alabal\u0131k yavrusu ithalat\u0131 yap\u0131yorlar. Bitkisel \u00fcretiminden il\u00e7emizin toplam has\u0131lat\u0131 3 milyar 420 milyon TL.&#8221; \u015feklinde konu\u015ftu.<\/p>\n<p>&#8220;Belediyelere de \u00f6rnek olacak bir proje olacak&#8221;<br \/>\n<br \/>Tar\u0131mdan turizme kadar \u00e7al\u0131\u015fmalar\u0131n devam etti\u011fini s\u00f6yleyen Ba\u015fkan Arslan, &#8220;Tar\u0131mdan, turizme, sanattan, \u015fairine kadar hepsini d\u00fc\u015f\u00fcnd\u00fc\u011f\u00fcm\u00fcz y\u00f6resel bir etkinlik olacak. Bana g\u00f6re de di\u011fer belediyelere de \u00f6rnek olacak bir proje olacak. Belediyemizin b\u00fct\u00e7esinden hi\u00e7bir para \u00e7\u0131kmadan in\u015fallah burada sponsorlar\u0131m\u0131z da var. 7 G\u00fcn boyunca etkinli\u011fimizi ger\u00e7ekle\u015ftirece\u011fiz.&#8221; diye konu\u015ftu.<\/p>\n<p>&#8220;Biz verdi\u011fi s\u00f6z\u00fc unutanlardan de\u011filiz ve hi\u00e7 olmad\u0131&#8221;<br \/>\n<br \/>Konu\u015fmalar\u0131n devam\u0131nda AK Parti Genel Ba\u015fkan Yard\u0131mc\u0131s\u0131 ve Ekonomi \u0130\u015fleri Ba\u015fkan\u0131 Nihat Zeybekci, &#8220;2024\u2019de Belediye se\u00e7imlerinde ondan \u00f6nce 2019\u2019da ki belediye se\u00e7imlerinde de hep \u015funu s\u00f6yledik. Biz verdi\u011fi s\u00f6z\u00fc unutanlardan de\u011filiz ve hi\u00e7 olmad\u0131. Bizim ilk yola \u00e7\u0131karken bir s\u00f6z\u00fcm\u00fcz vard\u0131. Denizli\u2019nin merkezinde benim \u00e7ocu\u011fum orada neye sahipse \u00c7ameli\u2019de de ayn\u0131s\u0131na sahip olacak. Bug\u00fcn \u00c7ameli\u2019ye bakt\u0131\u011f\u0131m\u0131z zaman da eksikleri var m\u0131d\u0131r vard\u0131r? Ama b\u00fcy\u00fck h\u0131zla yap\u0131yoruz. Takipte ediyoruz,  b\u00fct\u00fcn h\u0131z\u0131yla. Ba\u015fka yerleri yapmad\u0131k m\u0131? Her yeri yapt\u0131k. AK Parti\u2019li olsun veya CHP\u2019li olsun ba\u015fka partilerden belediyeler olsun. \u0130nan\u0131n bug\u00fcne kadar zinhar bir gram dahi ay\u0131rmad\u0131k. \u00c7\u00fcnk\u00fc kul hakk\u0131na girer. Birine ay\u0131r\u0131p \u00f6tekine bir \u015fey yapars\u0131n\u0131z. Ama gel g\u00f6r ki vatanda\u015f\u0131m\u0131z\u0131n tercihi, \u015fehrimizin tercihi onlar\u0131n iradesinin tercihinin ba\u015f\u0131m\u0131z\u0131n \u00fczerinde yeri var. \u00d6per ba\u015f\u0131m\u0131za koyar\u0131z. Bir hata varsa bir yanl\u0131\u015f varsa o da bizimdir deriz bizden dolayd\u0131r.&#8221; dedi.<\/p>\n<p>Festivalin ilk g\u00fcn\u00fc co\u015fkuyla ba\u015flad\u0131<br \/>\n<br \/>\u00c7ameli Otogar\u0131 Festival Alan\u0131\u2019nda devam eden program ba\u015flang\u0131c\u0131nda UNESCO taraf\u0131ndan Ya\u015fayan \u0130nsan Hazinesi se\u00e7ilen rahmetli Usta Hayri Dev\u2019in miras\u0131n\u0131 devam ettiren ve ezgilerini seslendiren y\u00f6resel sanat\u00e7\u0131 Muhammet Ko\u00e7 ve ekibi sahne ald\u0131. Ard\u0131ndan Mas\u0131t k\u00fclt\u00fcr\u00fc, \u00f6zel y\u00f6resel m\u00fczik dinletisi sunuldu. Yerel sanat\u00e7\u0131lar Alper \u00c7a\u011fda\u015f, Sabri \u00d6zdemir, Yasin Akkaya ve Nif Y\u00f6r\u00fckleri taraf\u0131ndan mas\u0131t y\u00f6resine \u00f6zg\u00fc dinletiler ger\u00e7ekle\u015ftirildi. Son olarak Ar\u0131kaya Okulu Y\u00f6r\u00fckleri taraf\u0131ndan d\u00fczenlenen piyes ile halk oyunlar\u0131 sergilendi.<br \/><\/p>\n","protected":false},"excerpt":{"rendered":"<p>DEN\u0130ZL\u0130 (\u0130HA) \u2013 Denizli\u2019nin \u00c7ameli il\u00e7esinde, 7 g\u00fcn boyunca bir birinden farkl\u0131 etkinliklerle s\u00fcrecek olan 9. \u00c7ameli K\u00fclt\u00fcr, Turizm, Tar\u0131m ve Do\u011fa Sporlar\u0131 Festivali b\u00fcy\u00fck bir heyecan ve kat\u0131l\u0131mla ba\u015flad\u0131. \u00c7ameli Belediyesi taraf\u0131ndan d\u00fczenlenen 9. \u00c7ameli K\u00fclt\u00fcr, Turizm, Tar\u0131m ve Do\u011fa Sporlar\u0131 Festivali y\u00f6resel etkinliklerle ba\u015flad\u0131. 11 A\u011fustos Pazartesi g\u00fcn\u00fc kortej y\u00fcr\u00fcy\u00fc\u015f\u00fc, mehteran g\u00f6sterisi ile&#8230;<\/p>\n","protected":false},"author":1,"featured_media":48249,"comment_status":"open","ping_status":"open","sticky":false,"template":"","format":"standard","meta":{"_crdt_document":"","footnotes":""},"categories":[1],"tags":[],"class_list":["post-48248","post","type-post","status-publish","format-standard","has-post-thumbnail","hentry","category-guncel"],"_links":{"self":[{"href":"https:\/\/www.egemtv.com\/index.php?rest_route=\/wp\/v2\/posts\/48248","targetHints":{"allow":["GET"]}}],"collection":[{"href":"https:\/\/www.egemtv.com\/index.php?rest_route=\/wp\/v2\/posts"}],"about":[{"href":"https:\/\/www.egemtv.com\/index.php?rest_route=\/wp\/v2\/types\/post"}],"author":[{"embeddable":true,"href":"https:\/\/www.egemtv.com\/index.php?rest_route=\/wp\/v2\/users\/1"}],"replies":[{"embeddable":true,"href":"https:\/\/www.egemtv.com\/index.php?rest_route=%2Fwp%2Fv2%2Fcomments&post=48248"}],"version-history":[{"count":1,"href":"https:\/\/www.egemtv.com\/index.php?rest_route=\/wp\/v2\/posts\/48248\/revisions"}],"predecessor-version":[{"id":48250,"href":"https:\/\/www.egemtv.com\/index.php?rest_route=\/wp\/v2\/posts\/48248\/revisions\/48250"}],"wp:featuredmedia":[{"embeddable":true,"href":"https:\/\/www.egemtv.com\/index.php?rest_route=\/wp\/v2\/media\/48249"}],"wp:attachment":[{"href":"https:\/\/www.egemtv.com\/index.php?rest_route=%2Fwp%2Fv2%2Fmedia&parent=48248"}],"wp:term":[{"taxonomy":"category","embeddable":true,"href":"https:\/\/www.egemtv.com\/index.php?rest_route=%2Fwp%2Fv2%2Fcategories&post=48248"},{"taxonomy":"post_tag","embeddable":true,"href":"https:\/\/www.egemtv.com\/index.php?rest_route=%2Fwp%2Fv2%2Ftags&post=48248"}],"curies":[{"name":"wp","href":"https:\/\/api.w.org\/{rel}","templated":true}]}}