{"id":48242,"date":"2025-08-12T09:14:46","date_gmt":"2025-08-12T06:14:46","guid":{"rendered":"https:\/\/www.egemtv.com\/?p=48242"},"modified":"2025-08-12T09:14:47","modified_gmt":"2025-08-12T06:14:47","slug":"izmirde-540-gram-olarak-dunyaya-gelen-bebek-hayata-tutundu","status":"publish","type":"post","link":"https:\/\/www.egemtv.com\/?p=48242","title":{"rendered":"\u0130zmir\u2019de 540 gram olarak d\u00fcnyaya gelen bebek, hayata tutundu"},"content":{"rendered":"<p>\u0130zmir\u2019de, 28 haftal\u0131kken 540 gram olarak d\u00fcnyaya gelen ve do\u011fumun hemen ard\u0131ndan ent\u00fcbe edilen Ya\u011fmur ve Mehmet Doy \u00e7iftinin bebekleri, 114 g\u00fcn s\u00fcren tedavisinin ard\u0131ndan ailesine kavu\u015ftu.<br \/>\n<br \/>\u0130zmir\u2019de ya\u015fayan Ya\u011fmur (27) ve Mehmet Doy (43) \u00e7iftinin bebekleri, hamileli\u011fin 28\u2019inci haftas\u0131nda, anne ile bebek aras\u0131ndaki besin ve oksijen al\u0131\u015fveri\u015finin yetersizli\u011fi nedeniyle erken do\u011fdu. Sadece 540 gram a\u011f\u0131rl\u0131\u011f\u0131nda ve 30 santimetre boyunda d\u00fcnyaya gelen Kartal bebek i\u00e7in doktorlar ya\u015fam \u015fans\u0131n\u0131 y\u00fczde 5 olarak de\u011ferlendirdi. Hemen ent\u00fcbe edilerek kuv\u00f6ze al\u0131nan Kartal bebek, 114 g\u00fcn s\u00fcren yo\u011fun bak\u0131m s\u00fcrecinin ard\u0131ndan hayata tutundu. Minik Kartal, taburcu edildi\u011fi g\u00fcn 2 kilo a\u011f\u0131rl\u0131\u011fa ve 43 santimetre boya ula\u015ft\u0131. Ya\u011fmur ve Mehmet Doy \u00e7ifti, b\u00fcy\u00fck bir sab\u0131r ve umutla ge\u00e7irdikleri zorlu s\u00fcrecin ard\u0131ndan bebeklerine kavu\u015fman\u0131n mutlulu\u011funu ya\u015f\u0131yor.<br \/>\n<br \/>Anne Ya\u011fmur Doy; hamileli\u011fimin 20\u2019inci haftas\u0131nda gitti\u011fi doktorda bebe\u011finde bir anormallik oldu\u011funu \u00f6\u011frendi\u011fini ifade ederek, \u00e7ocu\u011funun kilosunun \u00e7ok d\u00fc\u015f\u00fck oldu\u011funu ve kafa ile bacaklar\u0131n geli\u015fim olarak biraz geride kald\u0131\u011f\u0131n\u0131 s\u00f6yledi.<br \/>\n<br \/>Daha detayl\u0131 inceleme i\u00e7in perinatoloji doktoruna y\u00f6nlendirildi\u011fini vurgulayan anne Doy, &#8220;Hastaneye gittik ve orada bebe\u011fimizde geli\u015fim gerili\u011fi oldu\u011funu, plasentadan kaynakl\u0131 olarak yeterince beslenemedi\u011fini, oksijen alamad\u0131\u011f\u0131n\u0131 ve temiz kan ak\u0131\u015f\u0131n\u0131n sa\u011flanamad\u0131\u011f\u0131n\u0131 \u00f6\u011frendik. Doktor, bebe\u011fin ya\u015fama ihtimalinin \u00e7ok d\u00fc\u015f\u00fck oldu\u011funu, sa\u011fl\u0131kl\u0131 bir bebek olmas\u0131n\u0131n neredeyse imkans\u0131z oldu\u011funu s\u00f6yledi. Ard\u0131ndan tekrar \u00f6nceki hastanemize gittik, ancak hastanede do\u011fum yapt\u0131ramayacaklar\u0131n\u0131, bebe\u011fin \u00f6lebilece\u011fini ve bu riski almak istemediklerini belirttiler. Biz de bunun \u00fczerine yeni bir doktor ve hastane aray\u0131\u015f\u0131na girdik. Yakla\u015f\u0131k bir hafta ba\u015fka bir hastanede yatt\u0131m, ancak orada da s\u00fcrekli bebe\u011fin anne karn\u0131nda \u00f6lebilece\u011fi ya da do\u011farsa sakat kalabilece\u011fi s\u00f6ylendi. En son Ac\u0131badem Kent Hastanesi\u2019ne geldik. Doktorlar\u0131m\u0131z hep birlikte haz\u0131rl\u0131klar\u0131n\u0131 yapt\u0131lar ve do\u011fumumuz burada ger\u00e7ekle\u015fti&#8221; dedi.<\/p>\n<p>114 g\u00fcn beklediler<br \/>\n<br \/>Baba Mehmet Doy; Erken do\u011fan bebe\u011fi i\u00e7in e\u015fiyle birlikte 114 g\u00fcn boyunca hastaneye geldiklerini s\u00f6yleyerek, &#8220;Alia\u011fa\u2019da oturuyoruz, yeri geldi, gidip gelmemiz 3-4 saat s\u00fcrd\u00fc. Bu s\u00fcre\u00e7 anne ve baba i\u00e7in ger\u00e7ekten \u00e7ok zorlu ge\u00e7iyor&#8221; diye ekledi.<br \/>\n<br \/>Bu s\u00fcrecin kolay ge\u00e7medi\u011fini, her zaman umutla beklenilmesi gerekti\u011finin alt\u0131n\u0131 \u00e7izen baba Doy, &#8220;Biz hep umutluyduk, elbette bazen olumsuz d\u00fc\u015f\u00fcnd\u00fc\u011f\u00fcm\u00fcz anlar oldu ama genel olarak pozitif kalmaya \u00e7al\u0131\u015ft\u0131k. \u00c7ocu\u011fumuza da pozitif enerji verdik. Doktorlar\u0131m\u0131z Abbas Bey, An\u0131l Bey, do\u011fumu ger\u00e7ekle\u015ftiren Kahraman Bey bize hep pozitif olmam\u0131z\u0131 tavsiye ettiler. Biz de onlar gibi pozitif olmaya ba\u015flad\u0131k. Pozitif olduk\u00e7a \u00e7ocu\u011fun da iyile\u015fti\u011fini g\u00f6rd\u00fck. Hatta biz negatif oldu\u011fumuzda \u00e7ocu\u011fun da k\u00f6t\u00fcye gitti\u011fini ilgin\u00e7 bir \u015fekilde fark ettik. Bu zorlu s\u00fcre\u00e7 b\u00f6ylece ilerledi. Duyguyu anlatmak \u00e7ok zor, anlat\u0131lmaz ya\u015fan\u0131r dedikleri tam da bu duygu. Allah kimsenin ba\u015f\u0131na b\u00f6yle bir \u015fey vermesin ama verenlerin de bizim gibi bu s\u00fcreci sa\u011fl\u0131kl\u0131 bir \u015fekilde atlatmas\u0131n\u0131 dileriz. Herkes bizim kadar \u015fansl\u0131 olsun istiyoruz. \u0130\u00e7eride hala yatan bebeklerimiz var, in\u015fallah onlar da en k\u0131sa s\u00fcrede sa\u011fl\u0131kl\u0131 bir \u015fekilde \u00e7\u0131karlar&#8221; ifadelerini kulland\u0131<br \/>\n<br \/>.<br \/>\n<br \/>540 gram d\u00fcnyaya geldi, 114 g\u00fcn sonra taburcu oldu<br \/>\n<br \/>Kartal bebe\u011fin do\u011fmadan \u00f6nce ailenin kendilerine ba\u015fvurdu\u011funu s\u00f6yleyen Ac\u0131badem Kent Hastanesi \u00c7ocuk Hastal\u0131lar\u0131 Uzman\u0131 Abbasgulu Baghirov, &#8220;Plasental yetmezli\u011fi vard\u0131 ve buna ba\u011fl\u0131 olarak bebekte stres ile geli\u015fme gerili\u011fi vard\u0131. Kartal bebek, 28 hafta 4 g\u00fcnl\u00fckken ve olduk\u00e7a d\u00fc\u015f\u00fck bir kiloda, 540 gram olarak d\u00fcnyaya geldi. Ard\u0131ndan 114 g\u00fcn s\u00fcren bir yat\u0131\u015f d\u00f6nemi oldu. Bu s\u00fcre boyunca hem hastanemizin doktorlar\u0131, hem\u015fireleri hem de di\u011fer sa\u011fl\u0131k personelleri, bu ya\u015fam m\u00fccadelesinde Kartal bebe\u011fe destek oldu ve onu sa\u011fl\u0131kl\u0131 bir \u015fekilde taburcu etmenin mutlulu\u011funu, aile kadar biz de ya\u015f\u0131yoruz. \u015eu an genel durumu gayet iyi; herhangi bir sa\u011fl\u0131k sorunu bulunmuyor. Beslenmesini tamamen a\u011f\u0131zdan ve yeterli \u015fekilde al\u0131yor. Bug\u00fcnk\u00fc kilosu 2 kilo; do\u011fdu\u011funda 540 gramd\u0131. Boyu ise do\u011fdu\u011funda 30 santimetreydi, bug\u00fcn ise 43 santimetre. . Premat\u00fcre bebek oldu\u011fu i\u00e7in takipleri normal bir bebe\u011fe g\u00f6re biraz daha farkl\u0131l\u0131k g\u00f6sterebilir. Bu s\u00fcre\u00e7te kontrollerle geli\u015fimini yak\u0131ndan izlemeye devam edece\u011fiz; \u00f6rne\u011fin, bug\u00fcn taburcu ediyoruz ve 2 g\u00fcn sonra kontrole gelecek, sonras\u0131nda da 15 g\u00fcnde bir ya da ayl\u0131k kontrollerine devam edecek. Di\u011fer bebeklere, yani akranlar\u0131na g\u00f6re ilk ba\u015flarda biraz geride olabilir ama zamanla onlar\u0131 da yakalayacakt\u0131r in\u015fallah&#8221; s\u00f6zlerini kulland\u0131.<\/p>\n<p>Bu denli d\u00fc\u015f\u00fck do\u011fum haftas\u0131 ve d\u00fc\u015f\u00fck kiloyla d\u00fcnyaya gelen bebeklerde s\u0131kl\u0131kla g\u00f6r\u00fclebilen baz\u0131 komplikasyonlar ya\u015fanmadan sa\u011fl\u0131kl\u0131 bir \u015fekilde taburcu edilmesi, hem doktorlar a\u00e7\u0131s\u0131ndan hem de aile a\u00e7\u0131s\u0131ndan olduk\u00e7a sevindirici bir durum oldu\u011funu belirten Ac\u0131badem Kent Hastanesi \u00c7ocuk Hastal\u0131lar\u0131 Uzman\u0131 An\u0131l Chousein ise &#8220;28 hafta art\u0131 4 g\u00fcnde do\u011fmu\u015f ve olduk\u00e7a d\u00fc\u015f\u00fck do\u011fum haftas\u0131nda d\u00fcnyaya gelmi\u015f bebeklerde ba\u015fta n\u00f6rolojik sistem olmak \u00fczere, beyin, kalp ve g\u00f6z gibi hayati organlar etkilenebilir ve bu organlarda \u00e7e\u015fitli komplikasyonlar geli\u015febilir. Ancak burada uygun bak\u0131m s\u00fcreci, uygun tedaviler ve elbette biraz da bebe\u011fin durumu sayesinde herhangi bir engel ya da kal\u0131c\u0131 bir sorun olmadan sa\u011fl\u0131kl\u0131 bir \u015fekilde taburculu\u011fu ger\u00e7ekle\u015fti&#8221; diye belirtti.<br \/><\/p>\n","protected":false},"excerpt":{"rendered":"<p>\u0130zmir\u2019de, 28 haftal\u0131kken 540 gram olarak d\u00fcnyaya gelen ve do\u011fumun hemen ard\u0131ndan ent\u00fcbe edilen Ya\u011fmur ve Mehmet Doy \u00e7iftinin bebekleri, 114 g\u00fcn s\u00fcren tedavisinin ard\u0131ndan ailesine kavu\u015ftu. \u0130zmir\u2019de ya\u015fayan Ya\u011fmur (27) ve Mehmet Doy (43) \u00e7iftinin bebekleri, hamileli\u011fin 28\u2019inci haftas\u0131nda, anne ile bebek aras\u0131ndaki besin ve oksijen al\u0131\u015fveri\u015finin yetersizli\u011fi nedeniyle erken do\u011fdu. Sadece 540 gram&#8230;<\/p>\n","protected":false},"author":1,"featured_media":48243,"comment_status":"open","ping_status":"open","sticky":false,"template":"","format":"standard","meta":{"_crdt_document":"","footnotes":""},"categories":[2],"tags":[],"class_list":["post-48242","post","type-post","status-publish","format-standard","has-post-thumbnail","hentry","category-saglik"],"_links":{"self":[{"href":"https:\/\/www.egemtv.com\/index.php?rest_route=\/wp\/v2\/posts\/48242","targetHints":{"allow":["GET"]}}],"collection":[{"href":"https:\/\/www.egemtv.com\/index.php?rest_route=\/wp\/v2\/posts"}],"about":[{"href":"https:\/\/www.egemtv.com\/index.php?rest_route=\/wp\/v2\/types\/post"}],"author":[{"embeddable":true,"href":"https:\/\/www.egemtv.com\/index.php?rest_route=\/wp\/v2\/users\/1"}],"replies":[{"embeddable":true,"href":"https:\/\/www.egemtv.com\/index.php?rest_route=%2Fwp%2Fv2%2Fcomments&post=48242"}],"version-history":[{"count":1,"href":"https:\/\/www.egemtv.com\/index.php?rest_route=\/wp\/v2\/posts\/48242\/revisions"}],"predecessor-version":[{"id":48244,"href":"https:\/\/www.egemtv.com\/index.php?rest_route=\/wp\/v2\/posts\/48242\/revisions\/48244"}],"wp:featuredmedia":[{"embeddable":true,"href":"https:\/\/www.egemtv.com\/index.php?rest_route=\/wp\/v2\/media\/48243"}],"wp:attachment":[{"href":"https:\/\/www.egemtv.com\/index.php?rest_route=%2Fwp%2Fv2%2Fmedia&parent=48242"}],"wp:term":[{"taxonomy":"category","embeddable":true,"href":"https:\/\/www.egemtv.com\/index.php?rest_route=%2Fwp%2Fv2%2Fcategories&post=48242"},{"taxonomy":"post_tag","embeddable":true,"href":"https:\/\/www.egemtv.com\/index.php?rest_route=%2Fwp%2Fv2%2Ftags&post=48242"}],"curies":[{"name":"wp","href":"https:\/\/api.w.org\/{rel}","templated":true}]}}