{"id":48239,"date":"2025-08-12T08:34:30","date_gmt":"2025-08-12T05:34:30","guid":{"rendered":"https:\/\/www.egemtv.com\/?p=48239"},"modified":"2025-08-12T08:34:31","modified_gmt":"2025-08-12T05:34:31","slug":"aliagada-otluk-alanda-cikan-yangin-sonduruldu","status":"publish","type":"post","link":"https:\/\/www.egemtv.com\/?p=48239","title":{"rendered":"Alia\u011fa\u2019da otluk alanda \u00e7\u0131kan yang\u0131n s\u00f6nd\u00fcr\u00fcld\u00fc"},"content":{"rendered":"<p>\u0130zmir\u2019in Alia\u011fa il\u00e7esinde otluk alanda \u00e7\u0131kan yang\u0131n, ekiplerin m\u00fcdahalesiyle s\u00f6nd\u00fcr\u00fcld\u00fc.<br \/>\n<br \/>Edinilen bilgiye g\u00f6re, Kalabak Mahallesi ile \u00c7oraklar Mahallesi aras\u0131ndaki otluk alanda hen\u00fcz belirlenemeyen bir nedenle yang\u0131n \u00e7\u0131kt\u0131. R\u00fczgar\u0131n etkisiyle k\u0131sa s\u00fcrede b\u00fcy\u00fcyen yang\u0131na \u0130zmir Orman B\u00f6lge M\u00fcd\u00fcrl\u00fc\u011f\u00fc ekipleri, \u0130zmir B\u00fcy\u00fck\u015fehir Belediyesi \u0130tfaiyesi ve Alia\u011fa Belediyesi\u2019ne ait su tankerleri ile m\u00fcdahale edildi.<br \/>\n<br \/>Ekiplerin yo\u011fun \u00e7al\u0131\u015fmas\u0131 sonucu yang\u0131n kontrol alt\u0131na al\u0131narak s\u00f6nd\u00fcr\u00fcld\u00fc.<br \/><\/p>\n","protected":false},"excerpt":{"rendered":"<p>\u0130zmir\u2019in Alia\u011fa il\u00e7esinde otluk alanda \u00e7\u0131kan yang\u0131n, ekiplerin m\u00fcdahalesiyle s\u00f6nd\u00fcr\u00fcld\u00fc. Edinilen bilgiye g\u00f6re, Kalabak Mahallesi ile \u00c7oraklar Mahallesi aras\u0131ndaki otluk alanda hen\u00fcz belirlenemeyen bir nedenle yang\u0131n \u00e7\u0131kt\u0131. R\u00fczgar\u0131n etkisiyle k\u0131sa s\u00fcrede b\u00fcy\u00fcyen yang\u0131na \u0130zmir Orman B\u00f6lge M\u00fcd\u00fcrl\u00fc\u011f\u00fc ekipleri, \u0130zmir B\u00fcy\u00fck\u015fehir Belediyesi \u0130tfaiyesi ve Alia\u011fa Belediyesi\u2019ne ait su tankerleri ile m\u00fcdahale edildi. Ekiplerin yo\u011fun \u00e7al\u0131\u015fmas\u0131 sonucu&#8230;<\/p>\n","protected":false},"author":1,"featured_media":48240,"comment_status":"open","ping_status":"open","sticky":false,"template":"","format":"standard","meta":{"_crdt_document":"","footnotes":""},"categories":[5],"tags":[],"class_list":["post-48239","post","type-post","status-publish","format-standard","has-post-thumbnail","hentry","category-asayis"],"_links":{"self":[{"href":"https:\/\/www.egemtv.com\/index.php?rest_route=\/wp\/v2\/posts\/48239","targetHints":{"allow":["GET"]}}],"collection":[{"href":"https:\/\/www.egemtv.com\/index.php?rest_route=\/wp\/v2\/posts"}],"about":[{"href":"https:\/\/www.egemtv.com\/index.php?rest_route=\/wp\/v2\/types\/post"}],"author":[{"embeddable":true,"href":"https:\/\/www.egemtv.com\/index.php?rest_route=\/wp\/v2\/users\/1"}],"replies":[{"embeddable":true,"href":"https:\/\/www.egemtv.com\/index.php?rest_route=%2Fwp%2Fv2%2Fcomments&post=48239"}],"version-history":[{"count":1,"href":"https:\/\/www.egemtv.com\/index.php?rest_route=\/wp\/v2\/posts\/48239\/revisions"}],"predecessor-version":[{"id":48241,"href":"https:\/\/www.egemtv.com\/index.php?rest_route=\/wp\/v2\/posts\/48239\/revisions\/48241"}],"wp:featuredmedia":[{"embeddable":true,"href":"https:\/\/www.egemtv.com\/index.php?rest_route=\/wp\/v2\/media\/48240"}],"wp:attachment":[{"href":"https:\/\/www.egemtv.com\/index.php?rest_route=%2Fwp%2Fv2%2Fmedia&parent=48239"}],"wp:term":[{"taxonomy":"category","embeddable":true,"href":"https:\/\/www.egemtv.com\/index.php?rest_route=%2Fwp%2Fv2%2Fcategories&post=48239"},{"taxonomy":"post_tag","embeddable":true,"href":"https:\/\/www.egemtv.com\/index.php?rest_route=%2Fwp%2Fv2%2Ftags&post=48239"}],"curies":[{"name":"wp","href":"https:\/\/api.w.org\/{rel}","templated":true}]}}