{"id":48230,"date":"2025-08-11T23:15:18","date_gmt":"2025-08-11T20:15:18","guid":{"rendered":"https:\/\/www.egemtv.com\/?p=48230"},"modified":"2025-08-11T23:15:20","modified_gmt":"2025-08-11T20:15:20","slug":"burdurda-otomobil-devrildi-3-yarali-2","status":"publish","type":"post","link":"https:\/\/www.egemtv.com\/?p=48230","title":{"rendered":"Burdur\u2019da otomobil devrildi: 3 yaral\u0131"},"content":{"rendered":"<p>Burdur\u2019da kontrolden \u00e7\u0131kan otomobilin ref\u00fcje d\u00fc\u015ferek devrilmesi sonucu 3 ki\u015fi yaraland\u0131.<br \/>\n<br \/>Kaza, saat 20.40 s\u0131ralar\u0131nda Burdur merkeze ba\u011fl\u0131 Akyaka k\u00f6y\u00fc Burdur-Fethiye karayolunda meydana geldi. Edinilen bilgilere g\u00f6re, Fethiye istikametinden Burdur istikametine giden Sevin\u00e7 E. (40) idaresindeki 06 EAB 712 plakal\u0131 otomobil, s\u00fcr\u00fcc\u00fcn\u00fcn direksiyon hakimiyetini kaybetmesi sonucu kontrolden \u00e7\u0131karak ref\u00fcje d\u00fc\u015f\u00fcp yan yatt\u0131. Kazada s\u00fcr\u00fcc\u00fc Sevin\u00e7 E. ile ara\u00e7ta bulunan Berfin G. (25) ve Tuna M.K. (9) yaraland\u0131. \u00c7evredekilerin 112 Acil \u00c7a\u011fr\u0131 Merkezine ihbar\u0131 \u00fczerine olay yerine sa\u011fl\u0131k, polis ve jandarma ekipleri sevk edildi. Olay yerine gelen sa\u011fl\u0131k ekiplerinin ilk m\u00fcdahalesinin ard\u0131ndan yaral\u0131lar ambulans ile Burdur Devlet Hastanesi\u2019ne kald\u0131r\u0131ld\u0131. Kazayla ilgili inceleme ba\u015flat\u0131l\u0131rken, yaral\u0131lar\u0131n sa\u011fl\u0131k durumlar\u0131n\u0131n iyi oldu\u011fu \u00f6\u011frenildi.<br \/><\/p>\n","protected":false},"excerpt":{"rendered":"<p>Burdur\u2019da kontrolden \u00e7\u0131kan otomobilin ref\u00fcje d\u00fc\u015ferek devrilmesi sonucu 3 ki\u015fi yaraland\u0131. Kaza, saat 20.40 s\u0131ralar\u0131nda Burdur merkeze ba\u011fl\u0131 Akyaka k\u00f6y\u00fc Burdur-Fethiye karayolunda meydana geldi. Edinilen bilgilere g\u00f6re, Fethiye istikametinden Burdur istikametine giden Sevin\u00e7 E. (40) idaresindeki 06 EAB 712 plakal\u0131 otomobil, s\u00fcr\u00fcc\u00fcn\u00fcn direksiyon hakimiyetini kaybetmesi sonucu kontrolden \u00e7\u0131karak ref\u00fcje d\u00fc\u015f\u00fcp yan yatt\u0131. Kazada s\u00fcr\u00fcc\u00fc Sevin\u00e7&#8230;<\/p>\n","protected":false},"author":1,"featured_media":48231,"comment_status":"open","ping_status":"open","sticky":false,"template":"","format":"standard","meta":{"_crdt_document":"","footnotes":""},"categories":[5],"tags":[],"class_list":["post-48230","post","type-post","status-publish","format-standard","has-post-thumbnail","hentry","category-asayis"],"_links":{"self":[{"href":"https:\/\/www.egemtv.com\/index.php?rest_route=\/wp\/v2\/posts\/48230","targetHints":{"allow":["GET"]}}],"collection":[{"href":"https:\/\/www.egemtv.com\/index.php?rest_route=\/wp\/v2\/posts"}],"about":[{"href":"https:\/\/www.egemtv.com\/index.php?rest_route=\/wp\/v2\/types\/post"}],"author":[{"embeddable":true,"href":"https:\/\/www.egemtv.com\/index.php?rest_route=\/wp\/v2\/users\/1"}],"replies":[{"embeddable":true,"href":"https:\/\/www.egemtv.com\/index.php?rest_route=%2Fwp%2Fv2%2Fcomments&post=48230"}],"version-history":[{"count":1,"href":"https:\/\/www.egemtv.com\/index.php?rest_route=\/wp\/v2\/posts\/48230\/revisions"}],"predecessor-version":[{"id":48232,"href":"https:\/\/www.egemtv.com\/index.php?rest_route=\/wp\/v2\/posts\/48230\/revisions\/48232"}],"wp:featuredmedia":[{"embeddable":true,"href":"https:\/\/www.egemtv.com\/index.php?rest_route=\/wp\/v2\/media\/48231"}],"wp:attachment":[{"href":"https:\/\/www.egemtv.com\/index.php?rest_route=%2Fwp%2Fv2%2Fmedia&parent=48230"}],"wp:term":[{"taxonomy":"category","embeddable":true,"href":"https:\/\/www.egemtv.com\/index.php?rest_route=%2Fwp%2Fv2%2Fcategories&post=48230"},{"taxonomy":"post_tag","embeddable":true,"href":"https:\/\/www.egemtv.com\/index.php?rest_route=%2Fwp%2Fv2%2Ftags&post=48230"}],"curies":[{"name":"wp","href":"https:\/\/api.w.org\/{rel}","templated":true}]}}