{"id":48227,"date":"2025-08-11T22:34:32","date_gmt":"2025-08-11T19:34:32","guid":{"rendered":"https:\/\/www.egemtv.com\/?p=48227"},"modified":"2025-08-11T22:34:33","modified_gmt":"2025-08-11T19:34:33","slug":"koskte-cikan-orman-yanginina-mudahaleler-suruyor","status":"publish","type":"post","link":"https:\/\/www.egemtv.com\/?p=48227","title":{"rendered":"K\u00f6\u015fk\u2019te \u00e7\u0131kan orman yang\u0131n\u0131na m\u00fcdahaleler s\u00fcr\u00fcyor"},"content":{"rendered":"<p>Ayd\u0131n\u2019\u0131n K\u00f6\u015fk il\u00e7esinde ak\u015fam saatlerinde \u00e7\u0131kan ve r\u00fczgar\u0131n etkisiyle geni\u015f alana yay\u0131lan orman yang\u0131n\u0131nda s\u00f6nd\u00fcrme \u00e7al\u0131\u015fmalar\u0131 s\u00fcr\u00fcyor.<br \/>\n<br \/>Yang\u0131n, K\u00f6\u015fk il\u00e7esi K\u0131z\u0131lcak\u00f6y Mahallesi yak\u0131nlar\u0131nda ak\u015fam saatlerinde meydana geldi. Edinilen bilgiye g\u00f6re mahallenin alt taraf\u0131nda kalan ormanl\u0131k alanda hen\u00fcz bilinmeyen bir nedenle yang\u0131n \u00e7\u0131kt\u0131. Alevleri fark eden vatanda\u015flar durumu 112 Acil \u00c7a\u011fr\u0131 Merkezi\u2019ne bildirdi. \u0130hbar \u00fczerine olay yerine \u00e7ok say\u0131da itfaiye ve orman ekipleri sevk edildi. K\u0131sa s\u00fcrede b\u00f6lgeye gelen ekipler, s\u00f6nd\u00fcrme \u00e7al\u0131\u015fmalar\u0131na ba\u015flarken, arazinin sarp ve havan\u0131n a\u015f\u0131r\u0131 s\u0131cak olmas\u0131 nedeniyle yang\u0131n k\u0131sa s\u00fcrede b\u00fcy\u00fcd\u00fc. R\u00fczgar\u0131n da etkisiyle geni\u015f alana yay\u0131lan yang\u0131n\u0131n kontrol alt\u0131na al\u0131nmas\u0131 i\u00e7in ekipler yo\u011fun \u00e7aba sarf ederken, b\u00f6lgedeki vatanda\u015flar da s\u00f6nd\u00fcrme \u00e7al\u0131\u015fmalar\u0131na destek veriyor. Havan\u0131n karanl\u0131k olmas\u0131 nedeniyle hava unsurlar\u0131n\u0131n m\u00fcdahale edemedi\u011fi yang\u0131nda s\u00f6nd\u00fcrme \u00e7al\u0131\u015fmalar\u0131 s\u00fcr\u00fcyor.<br \/><\/p>\n","protected":false},"excerpt":{"rendered":"<p>Ayd\u0131n\u2019\u0131n K\u00f6\u015fk il\u00e7esinde ak\u015fam saatlerinde \u00e7\u0131kan ve r\u00fczgar\u0131n etkisiyle geni\u015f alana yay\u0131lan orman yang\u0131n\u0131nda s\u00f6nd\u00fcrme \u00e7al\u0131\u015fmalar\u0131 s\u00fcr\u00fcyor. Yang\u0131n, K\u00f6\u015fk il\u00e7esi K\u0131z\u0131lcak\u00f6y Mahallesi yak\u0131nlar\u0131nda ak\u015fam saatlerinde meydana geldi. Edinilen bilgiye g\u00f6re mahallenin alt taraf\u0131nda kalan ormanl\u0131k alanda hen\u00fcz bilinmeyen bir nedenle yang\u0131n \u00e7\u0131kt\u0131. Alevleri fark eden vatanda\u015flar durumu 112 Acil \u00c7a\u011fr\u0131 Merkezi\u2019ne bildirdi. \u0130hbar \u00fczerine olay&#8230;<\/p>\n","protected":false},"author":1,"featured_media":48228,"comment_status":"open","ping_status":"open","sticky":false,"template":"","format":"standard","meta":{"_crdt_document":"","footnotes":""},"categories":[5],"tags":[],"class_list":["post-48227","post","type-post","status-publish","format-standard","has-post-thumbnail","hentry","category-asayis"],"_links":{"self":[{"href":"https:\/\/www.egemtv.com\/index.php?rest_route=\/wp\/v2\/posts\/48227","targetHints":{"allow":["GET"]}}],"collection":[{"href":"https:\/\/www.egemtv.com\/index.php?rest_route=\/wp\/v2\/posts"}],"about":[{"href":"https:\/\/www.egemtv.com\/index.php?rest_route=\/wp\/v2\/types\/post"}],"author":[{"embeddable":true,"href":"https:\/\/www.egemtv.com\/index.php?rest_route=\/wp\/v2\/users\/1"}],"replies":[{"embeddable":true,"href":"https:\/\/www.egemtv.com\/index.php?rest_route=%2Fwp%2Fv2%2Fcomments&post=48227"}],"version-history":[{"count":1,"href":"https:\/\/www.egemtv.com\/index.php?rest_route=\/wp\/v2\/posts\/48227\/revisions"}],"predecessor-version":[{"id":48229,"href":"https:\/\/www.egemtv.com\/index.php?rest_route=\/wp\/v2\/posts\/48227\/revisions\/48229"}],"wp:featuredmedia":[{"embeddable":true,"href":"https:\/\/www.egemtv.com\/index.php?rest_route=\/wp\/v2\/media\/48228"}],"wp:attachment":[{"href":"https:\/\/www.egemtv.com\/index.php?rest_route=%2Fwp%2Fv2%2Fmedia&parent=48227"}],"wp:term":[{"taxonomy":"category","embeddable":true,"href":"https:\/\/www.egemtv.com\/index.php?rest_route=%2Fwp%2Fv2%2Fcategories&post=48227"},{"taxonomy":"post_tag","embeddable":true,"href":"https:\/\/www.egemtv.com\/index.php?rest_route=%2Fwp%2Fv2%2Ftags&post=48227"}],"curies":[{"name":"wp","href":"https:\/\/api.w.org\/{rel}","templated":true}]}}