{"id":48224,"date":"2025-08-11T22:14:46","date_gmt":"2025-08-11T19:14:46","guid":{"rendered":"https:\/\/www.egemtv.com\/?p=48224"},"modified":"2025-08-11T22:14:47","modified_gmt":"2025-08-11T19:14:47","slug":"manisadaki-orman-yanginina-mudahale-suruyor","status":"publish","type":"post","link":"https:\/\/www.egemtv.com\/?p=48224","title":{"rendered":"Manisa\u2019daki orman yang\u0131n\u0131na m\u00fcdahale s\u00fcr\u00fcyor"},"content":{"rendered":"<p>Manisa\u2019n\u0131n Ala\u015fehir il\u00e7esine ba\u011fl\u0131 Bad\u0131nca Mahallesi yak\u0131nlar\u0131ndaki ormanl\u0131k alanda \u00e7\u0131kan yang\u0131na havadan ve karadan m\u00fcdahale s\u00fcr\u00fcyor.<br \/>\n<br \/>Yang\u0131n, Ala\u015fehir il\u00e7esine ba\u011fl\u0131 Bad\u0131nca Mahallesi\u2019ndeki ormanl\u0131k alanda \u00e7\u0131kt\u0131. \u0130hbar \u00fczerine b\u00f6lgeye \u0130zmir Orman B\u00f6lge M\u00fcd\u00fcrl\u00fc\u011f\u00fcne ba\u011fl\u0131 5 hava arac\u0131, 7 s\u00f6nd\u00fcrme ekibi, 1 i\u015f makinesi sevk edildi. Manisa B\u00fcy\u00fck\u015fehir Belediyesi \u0130tfaiye Dairesi Ba\u015fkanl\u0131\u011f\u0131 ekiplerinin de destek verdi\u011fi yang\u0131n\u0131 s\u00f6nd\u00fcrme \u00e7al\u0131\u015fmalar\u0131 s\u00fcr\u00fcyor.<br \/><\/p>\n","protected":false},"excerpt":{"rendered":"<p>Manisa\u2019n\u0131n Ala\u015fehir il\u00e7esine ba\u011fl\u0131 Bad\u0131nca Mahallesi yak\u0131nlar\u0131ndaki ormanl\u0131k alanda \u00e7\u0131kan yang\u0131na havadan ve karadan m\u00fcdahale s\u00fcr\u00fcyor. Yang\u0131n, Ala\u015fehir il\u00e7esine ba\u011fl\u0131 Bad\u0131nca Mahallesi\u2019ndeki ormanl\u0131k alanda \u00e7\u0131kt\u0131. \u0130hbar \u00fczerine b\u00f6lgeye \u0130zmir Orman B\u00f6lge M\u00fcd\u00fcrl\u00fc\u011f\u00fcne ba\u011fl\u0131 5 hava arac\u0131, 7 s\u00f6nd\u00fcrme ekibi, 1 i\u015f makinesi sevk edildi. Manisa B\u00fcy\u00fck\u015fehir Belediyesi \u0130tfaiye Dairesi Ba\u015fkanl\u0131\u011f\u0131 ekiplerinin de destek verdi\u011fi yang\u0131n\u0131&#8230;<\/p>\n","protected":false},"author":1,"featured_media":48225,"comment_status":"open","ping_status":"open","sticky":false,"template":"","format":"standard","meta":{"_crdt_document":"","footnotes":""},"categories":[5],"tags":[],"class_list":["post-48224","post","type-post","status-publish","format-standard","has-post-thumbnail","hentry","category-asayis"],"_links":{"self":[{"href":"https:\/\/www.egemtv.com\/index.php?rest_route=\/wp\/v2\/posts\/48224","targetHints":{"allow":["GET"]}}],"collection":[{"href":"https:\/\/www.egemtv.com\/index.php?rest_route=\/wp\/v2\/posts"}],"about":[{"href":"https:\/\/www.egemtv.com\/index.php?rest_route=\/wp\/v2\/types\/post"}],"author":[{"embeddable":true,"href":"https:\/\/www.egemtv.com\/index.php?rest_route=\/wp\/v2\/users\/1"}],"replies":[{"embeddable":true,"href":"https:\/\/www.egemtv.com\/index.php?rest_route=%2Fwp%2Fv2%2Fcomments&post=48224"}],"version-history":[{"count":1,"href":"https:\/\/www.egemtv.com\/index.php?rest_route=\/wp\/v2\/posts\/48224\/revisions"}],"predecessor-version":[{"id":48226,"href":"https:\/\/www.egemtv.com\/index.php?rest_route=\/wp\/v2\/posts\/48224\/revisions\/48226"}],"wp:featuredmedia":[{"embeddable":true,"href":"https:\/\/www.egemtv.com\/index.php?rest_route=\/wp\/v2\/media\/48225"}],"wp:attachment":[{"href":"https:\/\/www.egemtv.com\/index.php?rest_route=%2Fwp%2Fv2%2Fmedia&parent=48224"}],"wp:term":[{"taxonomy":"category","embeddable":true,"href":"https:\/\/www.egemtv.com\/index.php?rest_route=%2Fwp%2Fv2%2Fcategories&post=48224"},{"taxonomy":"post_tag","embeddable":true,"href":"https:\/\/www.egemtv.com\/index.php?rest_route=%2Fwp%2Fv2%2Ftags&post=48224"}],"curies":[{"name":"wp","href":"https:\/\/api.w.org\/{rel}","templated":true}]}}