{"id":48221,"date":"2025-08-11T20:54:59","date_gmt":"2025-08-11T17:54:59","guid":{"rendered":"https:\/\/www.egemtv.com\/?p=48221"},"modified":"2025-08-11T20:54:59","modified_gmt":"2025-08-11T17:54:59","slug":"hasar-goren-camiden-malzemelerin-uzerine-dusmesi-sonucu-olen-adam-topraga-verildi","status":"publish","type":"post","link":"https:\/\/www.egemtv.com\/?p=48221","title":{"rendered":"Hasar g\u00f6ren camiden malzemelerin \u00fczerine d\u00fc\u015fmesi sonucu \u00f6len adam topra\u011fa verildi"},"content":{"rendered":"<p>Bal\u0131kesir\u2019in S\u0131nd\u0131rg\u0131 il\u00e7esinde meydana gelen 6.1 b\u00fcy\u00fckl\u00fc\u011f\u00fcndeki depremde hasar g\u00f6ren Manisa\u2019n\u0131n G\u00f6rdes il\u00e7esindeki camide inceleme yapmak isterken malzemelerin \u00fczerine d\u00fc\u015fmesi sonucu hayat\u0131n\u0131 kaybeden \u015fah\u0131s topra\u011fa verildi.<br \/>\n<br \/>Bal\u0131kesir\u2019in S\u0131nd\u0131rg\u0131 il\u00e7esinde meydana gelen 6.1 b\u00fcy\u00fckl\u00fc\u011f\u00fcndeki depremde, Manisa\u2019n\u0131n G\u00f6rdes il\u00e7esine ba\u011fl\u0131 Kobaklar Mahallesi\u2019ndeki cami de hasar g\u00f6rd\u00fc. Depremin ard\u0131ndan yats\u0131 namaz\u0131 sonras\u0131 camide inceleme yapmak isteyen Mevl\u00fct Altungeyik ve \u0130brahim Kara, \u00fczerlerine malzemelerin d\u00fc\u015fmesi sonucu yaraland\u0131. Ambulansla hastaneye kald\u0131r\u0131lan Mevl\u00fct Altungeyik, yap\u0131lan t\u00fcm m\u00fcdahalelere ra\u011fmen hayat\u0131n\u0131 kaybetti. Olayla ilgili soru\u015fturma ba\u015flat\u0131l\u0131rken, Mevl\u00fct Altungeyik i\u00e7in G\u00f6rdes il\u00e7esinde cenaze t\u00f6reni d\u00fczenlendi. Vali Yard\u0131mc\u0131s\u0131 Mustafa Harputlu\u2019nun da kat\u0131ld\u0131\u011f\u0131 cenaze t\u00f6reni sonras\u0131 Alt\u0131ngeyik\u2019in naa\u015f\u0131 topra\u011fa verildi.<br \/><\/p>\n","protected":false},"excerpt":{"rendered":"<p>Bal\u0131kesir\u2019in S\u0131nd\u0131rg\u0131 il\u00e7esinde meydana gelen 6.1 b\u00fcy\u00fckl\u00fc\u011f\u00fcndeki depremde hasar g\u00f6ren Manisa\u2019n\u0131n G\u00f6rdes il\u00e7esindeki camide inceleme yapmak isterken malzemelerin \u00fczerine d\u00fc\u015fmesi sonucu hayat\u0131n\u0131 kaybeden \u015fah\u0131s topra\u011fa verildi. Bal\u0131kesir\u2019in S\u0131nd\u0131rg\u0131 il\u00e7esinde meydana gelen 6.1 b\u00fcy\u00fckl\u00fc\u011f\u00fcndeki depremde, Manisa\u2019n\u0131n G\u00f6rdes il\u00e7esine ba\u011fl\u0131 Kobaklar Mahallesi\u2019ndeki cami de hasar g\u00f6rd\u00fc. Depremin ard\u0131ndan yats\u0131 namaz\u0131 sonras\u0131 camide inceleme yapmak isteyen Mevl\u00fct Altungeyik&#8230;<\/p>\n","protected":false},"author":1,"featured_media":48222,"comment_status":"open","ping_status":"open","sticky":false,"template":"","format":"standard","meta":{"_crdt_document":"","footnotes":""},"categories":[5],"tags":[],"class_list":["post-48221","post","type-post","status-publish","format-standard","has-post-thumbnail","hentry","category-asayis"],"_links":{"self":[{"href":"https:\/\/www.egemtv.com\/index.php?rest_route=\/wp\/v2\/posts\/48221","targetHints":{"allow":["GET"]}}],"collection":[{"href":"https:\/\/www.egemtv.com\/index.php?rest_route=\/wp\/v2\/posts"}],"about":[{"href":"https:\/\/www.egemtv.com\/index.php?rest_route=\/wp\/v2\/types\/post"}],"author":[{"embeddable":true,"href":"https:\/\/www.egemtv.com\/index.php?rest_route=\/wp\/v2\/users\/1"}],"replies":[{"embeddable":true,"href":"https:\/\/www.egemtv.com\/index.php?rest_route=%2Fwp%2Fv2%2Fcomments&post=48221"}],"version-history":[{"count":1,"href":"https:\/\/www.egemtv.com\/index.php?rest_route=\/wp\/v2\/posts\/48221\/revisions"}],"predecessor-version":[{"id":48223,"href":"https:\/\/www.egemtv.com\/index.php?rest_route=\/wp\/v2\/posts\/48221\/revisions\/48223"}],"wp:featuredmedia":[{"embeddable":true,"href":"https:\/\/www.egemtv.com\/index.php?rest_route=\/wp\/v2\/media\/48222"}],"wp:attachment":[{"href":"https:\/\/www.egemtv.com\/index.php?rest_route=%2Fwp%2Fv2%2Fmedia&parent=48221"}],"wp:term":[{"taxonomy":"category","embeddable":true,"href":"https:\/\/www.egemtv.com\/index.php?rest_route=%2Fwp%2Fv2%2Fcategories&post=48221"},{"taxonomy":"post_tag","embeddable":true,"href":"https:\/\/www.egemtv.com\/index.php?rest_route=%2Fwp%2Fv2%2Ftags&post=48221"}],"curies":[{"name":"wp","href":"https:\/\/api.w.org\/{rel}","templated":true}]}}