{"id":48218,"date":"2025-08-11T20:34:52","date_gmt":"2025-08-11T17:34:52","guid":{"rendered":"https:\/\/www.egemtv.com\/?p=48218"},"modified":"2025-08-11T20:34:52","modified_gmt":"2025-08-11T17:34:52","slug":"datcaya-yerlesti-deriden-sanata-uzanan-yolculuga-cikti","status":"publish","type":"post","link":"https:\/\/www.egemtv.com\/?p=48218","title":{"rendered":"Dat\u00e7a\u2019ya yerle\u015fti, deriden sanata uzanan yolculu\u011fa \u00e7\u0131kt\u0131"},"content":{"rendered":"<p>Yo\u011fun i\u015f temposunun ard\u0131ndan 13 y\u0131l \u00f6nce yerle\u015fti\u011fi Mu\u011fla\u2019n\u0131n Dat\u00e7a il\u00e7esinde gitti\u011fi dericilik kursu ile yetene\u011fini ke\u015ffeden Ahmet Raman, deri i\u015f\u00e7ili\u011fiyle hem hayat\u0131n\u0131 de\u011fi\u015ftirdi hem de sanat dolu bir sergiye imza att\u0131.<\/p>\n<p>Mu\u011fla\u2019n\u0131n Dat\u00e7a il\u00e7esinde ya\u015fayan Muharip Gaziler Derne\u011fi Ba\u015fkan\u0131 Ahmet Raman, emeklilikten sonra ba\u015flad\u0131\u011f\u0131 hobiyle hayat\u0131na yeni bir y\u00f6n verdi. 2013 y\u0131l\u0131nda e\u015fiyle birlikte Dat\u00e7a\u2019ya ta\u015f\u0131nan Raman, Halk E\u011fitimi Merkezi\u2019nin kurslar\u0131na kat\u0131larak \u00f6nce peynir yapmay\u0131, ard\u0131ndan deri i\u015f\u00e7ili\u011fini \u00f6\u011frendi. Peynir yapman\u0131n zorlu\u011fu nedeniyle bu u\u011fra\u015f\u0131 b\u0131raksa da deri i\u015f\u00e7ili\u011fi k\u0131sa s\u00fcrede onun i\u00e7in bir tutkuya d\u00f6n\u00fc\u015ft\u00fc. Deriden \u00fcretti\u011fi \u00e7anta ve tak\u0131lar\u0131 &#8220;Deriden Sanata&#8221; ad\u0131yla Dat\u00e7a Liman Sergi Salonu\u2019nda sergileyen Raman, \u00fcretmenin kendisi i\u00e7in adeta terapi oldu\u011funu belirtti. D\u00fczenlenen t\u00f6renle sergisinin a\u00e7\u0131l\u0131\u015f\u0131n\u0131 ger\u00e7ekle\u015ftiren Raman, kendisini yaln\u0131z b\u0131rakmayan misafirlerine te\u015fekk\u00fcr ederek, el eme\u011fi ile haz\u0131rlad\u0131\u011f\u0131 deri \u00e7anta ve tak\u0131lar\u0131, kat\u0131l\u0131mc\u0131lar\u0131n be\u011fenisine sundu. Sergiyi gezen misafirler ise g\u00f6r\u00fcc\u00fcye \u00e7\u0131kan el eme\u011fi g\u00f6z nuru \u00fcr\u00fcnleri tek tek inceleyerek, Raman\u2019\u0131 tebrik etti.<\/p>\n<p>Bo\u015f zamanlar\u0131n\u0131 \u00fcretim yaparak ve okuyarak ge\u00e7irdi\u011fini ifade eden Raman, serginin a\u00e7\u0131l\u0131\u015f t\u00f6reninde k\u0131sa bir konu\u015fma yaparak &#8220;2013 senesinde e\u015fimle beraber Dat\u00e7a\u2019ya yerle\u015ftik. O zaman Halk E\u011fitimi Merkezi\u2019nin \u00f6zel kurslar\u0131 vard\u0131. O kurslara devam ettim, bir \u015feyler \u00f6\u011frendim. Sonra bir tane han\u0131ma bir tane annesine bir tane k\u0131z\u0131ma derken i\u015f buralara kadar geldi. Memnunum. Benim i\u00e7in \u00e7ok iyi bir terapi oluyor. Vakit ge\u00e7iriyorum. Kahve k\u00fclt\u00fcr\u00fcm zaten yoktu. \u015eimdi hi\u00e7 yok. Evde bunlar\u0131 yaparak oyalan\u0131yorum. Bo\u015f zamanlar\u0131mda da okuyorum, y\u00fcr\u00fcyorum. F\u0131rsat bulursam denize giriyorum. Ayn\u0131 zamanda Dat\u00e7a Muharip Gaziler Derne\u011fi temsilcisiyim. Buradaki t\u00fcm gazi arkada\u015flar\u0131m\u0131n dilek ve \u015fikayetleri ile ilgileniyorum. T\u00f6renlerde herkesin toplan\u0131p da\u011f\u0131lmas\u0131na kadar onlar\u0131n yard\u0131m\u0131nda ve yanlar\u0131nda oluyorum. Eskiden, yani Dat\u00e7a\u2019ya yerle\u015fmeden \u00f6nce yo\u011fun bir i\u015f ak\u0131\u015f\u0131m vard\u0131. Do\u011fru d\u00fcr\u00fcst b\u0131rak bir \u015fey becermeyi hi\u00e7 bir \u015feyden anlamazd\u0131m. Hakikaten d\u00fc\u011fme bile dikemezdim. Ama burada geldikten sonra her \u015fey de\u011fi\u015fti. \u00d6nce peynir yapma kurslar\u0131na gittim. Peynir yapmay\u0131 \u00f6\u011frendim. Ama peynir yapma \u00e7ok zahmetli ve yorucu bir i\u015f oldu\u011fu i\u00e7in devam ettirmedim. \u0130kinci sene deri yapma kursu a\u00e7\u0131ld\u0131 ve o kursa gittim. Orada hem oturarak \u00e7al\u0131\u015fmak hem de bir \u015feyler \u00fcretmek ho\u015fuma gitti. \u00dcretti\u011fi \u015feyler \u00e7ocu\u011fun gibi oluyor insan\u0131n&#8221; dedi.<br \/><\/p>\n","protected":false},"excerpt":{"rendered":"<p>Yo\u011fun i\u015f temposunun ard\u0131ndan 13 y\u0131l \u00f6nce yerle\u015fti\u011fi Mu\u011fla\u2019n\u0131n Dat\u00e7a il\u00e7esinde gitti\u011fi dericilik kursu ile yetene\u011fini ke\u015ffeden Ahmet Raman, deri i\u015f\u00e7ili\u011fiyle hem hayat\u0131n\u0131 de\u011fi\u015ftirdi hem de sanat dolu bir sergiye imza att\u0131. Mu\u011fla\u2019n\u0131n Dat\u00e7a il\u00e7esinde ya\u015fayan Muharip Gaziler Derne\u011fi Ba\u015fkan\u0131 Ahmet Raman, emeklilikten sonra ba\u015flad\u0131\u011f\u0131 hobiyle hayat\u0131na yeni bir y\u00f6n verdi. 2013 y\u0131l\u0131nda e\u015fiyle birlikte&#8230;<\/p>\n","protected":false},"author":1,"featured_media":48219,"comment_status":"open","ping_status":"open","sticky":false,"template":"","format":"standard","meta":{"_crdt_document":"","footnotes":""},"categories":[1],"tags":[],"class_list":["post-48218","post","type-post","status-publish","format-standard","has-post-thumbnail","hentry","category-guncel"],"_links":{"self":[{"href":"https:\/\/www.egemtv.com\/index.php?rest_route=\/wp\/v2\/posts\/48218","targetHints":{"allow":["GET"]}}],"collection":[{"href":"https:\/\/www.egemtv.com\/index.php?rest_route=\/wp\/v2\/posts"}],"about":[{"href":"https:\/\/www.egemtv.com\/index.php?rest_route=\/wp\/v2\/types\/post"}],"author":[{"embeddable":true,"href":"https:\/\/www.egemtv.com\/index.php?rest_route=\/wp\/v2\/users\/1"}],"replies":[{"embeddable":true,"href":"https:\/\/www.egemtv.com\/index.php?rest_route=%2Fwp%2Fv2%2Fcomments&post=48218"}],"version-history":[{"count":1,"href":"https:\/\/www.egemtv.com\/index.php?rest_route=\/wp\/v2\/posts\/48218\/revisions"}],"predecessor-version":[{"id":48220,"href":"https:\/\/www.egemtv.com\/index.php?rest_route=\/wp\/v2\/posts\/48218\/revisions\/48220"}],"wp:featuredmedia":[{"embeddable":true,"href":"https:\/\/www.egemtv.com\/index.php?rest_route=\/wp\/v2\/media\/48219"}],"wp:attachment":[{"href":"https:\/\/www.egemtv.com\/index.php?rest_route=%2Fwp%2Fv2%2Fmedia&parent=48218"}],"wp:term":[{"taxonomy":"category","embeddable":true,"href":"https:\/\/www.egemtv.com\/index.php?rest_route=%2Fwp%2Fv2%2Fcategories&post=48218"},{"taxonomy":"post_tag","embeddable":true,"href":"https:\/\/www.egemtv.com\/index.php?rest_route=%2Fwp%2Fv2%2Ftags&post=48218"}],"curies":[{"name":"wp","href":"https:\/\/api.w.org\/{rel}","templated":true}]}}