{"id":48215,"date":"2025-08-11T19:14:40","date_gmt":"2025-08-11T16:14:40","guid":{"rendered":"https:\/\/www.egemtv.com\/?p=48215"},"modified":"2025-08-11T19:14:41","modified_gmt":"2025-08-11T16:14:41","slug":"mentesede-cocuklar-tezgah-basina-gecti","status":"publish","type":"post","link":"https:\/\/www.egemtv.com\/?p=48215","title":{"rendered":"Mente\u015fe\u2019de \u00e7ocuklar tezgah ba\u015f\u0131na ge\u00e7ti"},"content":{"rendered":"<p>Mente\u015fe Belediyesi\u2019nin \u00e7ocuklar i\u00e7in d\u00fczenledi\u011fi 3. Hazine Pazar\u0131 \u015eenli\u011fi, Zahire Pazar\u0131\u2019nda yo\u011fun kat\u0131l\u0131mla ger\u00e7ekle\u015fti.<br \/>\n<br \/>Mu\u011fla\u2019n\u0131n Mente\u015fe il\u00e7esinde, Mente\u015fe Belediyesi taraf\u0131ndan \u00e7ocuklara y\u00f6nelik d\u00fczenlenen 3. Hazine Pazar\u0131 \u015eenli\u011fi, vatanda\u015flardan yo\u011fun ilgi g\u00f6rmeye devam ediyor. Zahire Pazar\u0131\u2019nda kurulan stantlarda ikinci el oyuncak, giysi ve kitaplar sat\u0131\u015fa sunulurken, \u00e7ocuklar kendi e\u015fyalar\u0131n\u0131 sergileyerek sat\u0131\u015f yapma imkan\u0131 buldu.<br \/>\n<br \/>Renkli tezgahlarda kimi oyuncaklar, kimi kitaplar, kimi de el eme\u011fi \u00fcr\u00fcnler yer ald\u0131. \u00c7ocuklar, kendi belirledikleri fiyatlarla sat\u0131\u015f yaparken aileler de al\u0131\u015fveri\u015fe katk\u0131da bulunarak etkinli\u011fe destek verdi. Mente\u015fe Belediyesi taraf\u0131ndan organize edilen \u015fenlikte ayr\u0131ca \u00e7ocuklara \u00fccretsiz m\u0131s\u0131r ve pamuk \u015feker ikram edildi. Etkinli\u011fe kat\u0131lan aileler, bu t\u00fcr organizasyonlar\u0131n hem e\u011flenceli hem de \u00f6\u011fretici oldu\u011funa dikkat \u00e7ekti.<br \/>\n<br \/>Velilerden Ege Tenruh\u2019un annesi Seden Tenruh, &#8220;\u0130kinci geli\u015fimiz. Te\u015fekk\u00fcr ediyoruz. Hepsi kendi oyuncaklar\u0131. Birincide de vard\u0131k, \u015fimdi bu \u00fc\u00e7\u00fcnc\u00fc, buna da geldik&#8221; dedi.<br \/>\n<br \/>Defne Soyberk\u2019in annesi \u0130pek Soyberk ise, &#8220;\u0130kinci kez kat\u0131l\u0131yoruz. \u00c7ok sevdi\u011fimiz i\u00e7in tekrar geldik. Ailecek \u00e7ok keyif al\u0131yoruz. E\u015fyalar\u0131n tekrar de\u011ferlendiriliyor olmas\u0131 \u00e7ok \u00f6nemli, \u00e7ocuklara bunu a\u015f\u0131lamak da \u00e7ok g\u00fczel. Fiyatland\u0131rmalar\u0131 Defne kendi yapt\u0131&#8221; ifadelerini kulland\u0131.<br \/><\/p>\n","protected":false},"excerpt":{"rendered":"<p>Mente\u015fe Belediyesi\u2019nin \u00e7ocuklar i\u00e7in d\u00fczenledi\u011fi 3. Hazine Pazar\u0131 \u015eenli\u011fi, Zahire Pazar\u0131\u2019nda yo\u011fun kat\u0131l\u0131mla ger\u00e7ekle\u015fti. Mu\u011fla\u2019n\u0131n Mente\u015fe il\u00e7esinde, Mente\u015fe Belediyesi taraf\u0131ndan \u00e7ocuklara y\u00f6nelik d\u00fczenlenen 3. Hazine Pazar\u0131 \u015eenli\u011fi, vatanda\u015flardan yo\u011fun ilgi g\u00f6rmeye devam ediyor. Zahire Pazar\u0131\u2019nda kurulan stantlarda ikinci el oyuncak, giysi ve kitaplar sat\u0131\u015fa sunulurken, \u00e7ocuklar kendi e\u015fyalar\u0131n\u0131 sergileyerek sat\u0131\u015f yapma imkan\u0131 buldu. Renkli tezgahlarda&#8230;<\/p>\n","protected":false},"author":1,"featured_media":48216,"comment_status":"open","ping_status":"open","sticky":false,"template":"","format":"standard","meta":{"_crdt_document":"","footnotes":""},"categories":[1],"tags":[],"class_list":["post-48215","post","type-post","status-publish","format-standard","has-post-thumbnail","hentry","category-guncel"],"_links":{"self":[{"href":"https:\/\/www.egemtv.com\/index.php?rest_route=\/wp\/v2\/posts\/48215","targetHints":{"allow":["GET"]}}],"collection":[{"href":"https:\/\/www.egemtv.com\/index.php?rest_route=\/wp\/v2\/posts"}],"about":[{"href":"https:\/\/www.egemtv.com\/index.php?rest_route=\/wp\/v2\/types\/post"}],"author":[{"embeddable":true,"href":"https:\/\/www.egemtv.com\/index.php?rest_route=\/wp\/v2\/users\/1"}],"replies":[{"embeddable":true,"href":"https:\/\/www.egemtv.com\/index.php?rest_route=%2Fwp%2Fv2%2Fcomments&post=48215"}],"version-history":[{"count":1,"href":"https:\/\/www.egemtv.com\/index.php?rest_route=\/wp\/v2\/posts\/48215\/revisions"}],"predecessor-version":[{"id":48217,"href":"https:\/\/www.egemtv.com\/index.php?rest_route=\/wp\/v2\/posts\/48215\/revisions\/48217"}],"wp:featuredmedia":[{"embeddable":true,"href":"https:\/\/www.egemtv.com\/index.php?rest_route=\/wp\/v2\/media\/48216"}],"wp:attachment":[{"href":"https:\/\/www.egemtv.com\/index.php?rest_route=%2Fwp%2Fv2%2Fmedia&parent=48215"}],"wp:term":[{"taxonomy":"category","embeddable":true,"href":"https:\/\/www.egemtv.com\/index.php?rest_route=%2Fwp%2Fv2%2Fcategories&post=48215"},{"taxonomy":"post_tag","embeddable":true,"href":"https:\/\/www.egemtv.com\/index.php?rest_route=%2Fwp%2Fv2%2Ftags&post=48215"}],"curies":[{"name":"wp","href":"https:\/\/api.w.org\/{rel}","templated":true}]}}