{"id":48212,"date":"2025-08-11T18:56:19","date_gmt":"2025-08-11T15:56:19","guid":{"rendered":"https:\/\/www.egemtv.com\/?p=48212"},"modified":"2025-08-11T18:56:20","modified_gmt":"2025-08-11T15:56:20","slug":"manisada-ambulans-otomobille-carpisti-2si-agir-7-yarali","status":"publish","type":"post","link":"https:\/\/www.egemtv.com\/?p=48212","title":{"rendered":"Manisa\u2019da ambulans otomobille \u00e7arp\u0131\u015ft\u0131: 2\u2019si a\u011f\u0131r 7 yaral\u0131"},"content":{"rendered":"<p>MAN\u0130SA (\u0130HA) \u2013 Manisa\u2019n\u0131n Ala\u015fehir il\u00e7esinde ambulans ile otomobilin \u00e7arp\u0131\u015ft\u0131\u011f\u0131 kazada 2\u2019si a\u011f\u0131r 7 ki\u015fi yaraland\u0131.<br \/>\n<br \/>Kaza, saat 16.30 s\u0131ralar\u0131nda Ala\u015fehir\u2013Denizli karayolu \u00c7ataltepe Kav\u015fa\u011f\u0131\u2019nda meydana geldi. Edinilen bilgiye g\u00f6re, Denizli y\u00f6n\u00fcne seyir eden B.V. y\u00f6netimindeki 45 AAN 19 plakal\u0131 ambulans, Ala\u015fehir y\u00f6n\u00fcnden kav\u015fa\u011fa giren M.P. (35) idaresindeki 33 AEP 427 plakal\u0131 otomobille \u00e7arp\u0131\u015ft\u0131. \u00c7arp\u0131\u015fman\u0131n etkisiyle otomobilde bulunan s\u00fcr\u00fcc\u00fc M.P. ve yan\u0131ndaki bir ki\u015fi ara\u00e7ta s\u0131k\u0131\u015ft\u0131. A\u011f\u0131r yaralanan 2 ki\u015fi, itfaiye ekipleri taraf\u0131ndan \u00e7\u0131kar\u0131larak Ala\u015fehir Devlet Hastanesi\u2019ne kald\u0131r\u0131ld\u0131. Kaza s\u0131ras\u0131nda takla atan ambulansta bulunan 2 stajyer ile birlikte toplam 5 sa\u011fl\u0131k g\u00f6revlisi de yaraland\u0131. Yaral\u0131 sa\u011fl\u0131k \u00e7al\u0131\u015fanlar\u0131, Ala\u015fehir Devlet Hastanesi ve \u00f6zel bir hastanede tedavi alt\u0131na al\u0131nd\u0131.<br \/>\n<br \/>Kazaya kar\u0131\u015fan ve \u0131\u015f\u0131klarda bekleyen M.A. (52) idaresindeki 06 CFR 07 plakal\u0131 otomobilde ise k\u00fc\u00e7\u00fck \u00e7apl\u0131 maddi hasar meydana gelirken, s\u00fcr\u00fcc\u00fc yara almadan kurtuldu. Kazayla ilgili inceleme ba\u015flatt\u0131ld\u0131.<br \/><\/p>\n","protected":false},"excerpt":{"rendered":"<p>MAN\u0130SA (\u0130HA) \u2013 Manisa\u2019n\u0131n Ala\u015fehir il\u00e7esinde ambulans ile otomobilin \u00e7arp\u0131\u015ft\u0131\u011f\u0131 kazada 2\u2019si a\u011f\u0131r 7 ki\u015fi yaraland\u0131. Kaza, saat 16.30 s\u0131ralar\u0131nda Ala\u015fehir\u2013Denizli karayolu \u00c7ataltepe Kav\u015fa\u011f\u0131\u2019nda meydana geldi. Edinilen bilgiye g\u00f6re, Denizli y\u00f6n\u00fcne seyir eden B.V. y\u00f6netimindeki 45 AAN 19 plakal\u0131 ambulans, Ala\u015fehir y\u00f6n\u00fcnden kav\u015fa\u011fa giren M.P. (35) idaresindeki 33 AEP 427 plakal\u0131 otomobille \u00e7arp\u0131\u015ft\u0131. \u00c7arp\u0131\u015fman\u0131n etkisiyle&#8230;<\/p>\n","protected":false},"author":1,"featured_media":48213,"comment_status":"open","ping_status":"open","sticky":false,"template":"","format":"standard","meta":{"_crdt_document":"","footnotes":""},"categories":[5],"tags":[],"class_list":["post-48212","post","type-post","status-publish","format-standard","has-post-thumbnail","hentry","category-asayis"],"_links":{"self":[{"href":"https:\/\/www.egemtv.com\/index.php?rest_route=\/wp\/v2\/posts\/48212","targetHints":{"allow":["GET"]}}],"collection":[{"href":"https:\/\/www.egemtv.com\/index.php?rest_route=\/wp\/v2\/posts"}],"about":[{"href":"https:\/\/www.egemtv.com\/index.php?rest_route=\/wp\/v2\/types\/post"}],"author":[{"embeddable":true,"href":"https:\/\/www.egemtv.com\/index.php?rest_route=\/wp\/v2\/users\/1"}],"replies":[{"embeddable":true,"href":"https:\/\/www.egemtv.com\/index.php?rest_route=%2Fwp%2Fv2%2Fcomments&post=48212"}],"version-history":[{"count":1,"href":"https:\/\/www.egemtv.com\/index.php?rest_route=\/wp\/v2\/posts\/48212\/revisions"}],"predecessor-version":[{"id":48214,"href":"https:\/\/www.egemtv.com\/index.php?rest_route=\/wp\/v2\/posts\/48212\/revisions\/48214"}],"wp:featuredmedia":[{"embeddable":true,"href":"https:\/\/www.egemtv.com\/index.php?rest_route=\/wp\/v2\/media\/48213"}],"wp:attachment":[{"href":"https:\/\/www.egemtv.com\/index.php?rest_route=%2Fwp%2Fv2%2Fmedia&parent=48212"}],"wp:term":[{"taxonomy":"category","embeddable":true,"href":"https:\/\/www.egemtv.com\/index.php?rest_route=%2Fwp%2Fv2%2Fcategories&post=48212"},{"taxonomy":"post_tag","embeddable":true,"href":"https:\/\/www.egemtv.com\/index.php?rest_route=%2Fwp%2Fv2%2Ftags&post=48212"}],"curies":[{"name":"wp","href":"https:\/\/api.w.org\/{rel}","templated":true}]}}