{"id":48209,"date":"2025-08-11T18:56:18","date_gmt":"2025-08-11T15:56:18","guid":{"rendered":"https:\/\/www.egemtv.com\/?p=48209"},"modified":"2025-08-11T18:56:19","modified_gmt":"2025-08-11T15:56:19","slug":"kutahya-tasarim-teknokentte-hedef-ilk-30","status":"publish","type":"post","link":"https:\/\/www.egemtv.com\/?p=48209","title":{"rendered":"K\u00fctahya Tasar\u0131m Teknokent\u2019te hedef ilk 30"},"content":{"rendered":"<p>K\u00fctahya Tasar\u0131m Teknokent Genel M\u00fcd\u00fcr\u00fc Do\u00e7. Dr. Durmu\u015f \u00d6zdemir, teknokentin son d\u00f6nemde \u00f6nemli bir b\u00fcy\u00fcme kaydetti\u011fini belirterek,<br \/>\n<br \/>&#8220;\u015eu anda teknokentler aras\u0131nda T\u00fcrkiye genelinde 51. s\u0131raday\u0131z. Hedefimiz gelecek y\u0131l ilk 30 aras\u0131nda yer almak&#8221; dedi.<br \/>\n<br \/>AK Parti K\u00fctahya milletvekilleri \u0130smail \u00c7a\u011flar Bay\u0131rc\u0131 ve Mehmet Demir, AK Parti K\u00fctahya \u0130l Ba\u015fkan\u0131 Ceyda \u00c7etin Erenler, Dumlup\u0131nar \u00dcniversitesi Rekt\u00f6r\u00fc Prof. Dr. S\u00fcleyman K\u0131z\u0131ltoprak, AK Parti K\u00fctahya Merkez \u0130l\u00e7e Ba\u015fkan\u0131 Murat Af\u015far ve Tav\u015fanl\u0131 Ticaret ve Sanayi Odas\u0131 Ba\u015fkan\u0131 Davut Efe, K\u00fctahya Tasar\u0131m Teknokent\u2019te faaliyet g\u00f6steren firmalar\u0131 ziyaret etti. Ziyarette konu\u015fan K\u00fctahya Tasar\u0131m Teknokent Genel M\u00fcd\u00fcr\u00fc Do\u00e7. Dr. Durmu\u015f \u00d6zdemir, teknokentin son d\u00f6nemde \u00f6nemli bir b\u00fcy\u00fcme kaydetti\u011fini belirterek, &#8220;\u015eu anda teknokentler aras\u0131nda T\u00fcrkiye genelinde 51. s\u0131raday\u0131z. Hedefimiz gelecek y\u0131l ilk 30 aras\u0131nda yer almak. Son bir y\u0131lda firma say\u0131m\u0131z 37\u2019den 102\u2019ye y\u00fckseldi. 2024\u2019\u00fcn ilk alt\u0131 ay\u0131nda teknokent b\u00fcnyesindeki firmalar\u0131n ihracat\u0131 4 milyon dolar\u0131 ge\u00e7ti&#8221; dedi.<br \/>\n<br \/>\u00d6zdemir, bor madeni \u00fczerine katma de\u011ferli \u00fcr\u00fcn geli\u015ftirecek firmalar\u0131 bir araya getirmeyi hedeflediklerini vurgulayarak, &#8220;Borun ham madde olarak de\u011fil, nitelikli \u00fcr\u00fcn olarak ihracat\u0131n\u0131 sa\u011flamak i\u00e7in k\u00fcmelenme \u00e7al\u0131\u015fmas\u0131 yapaca\u011f\u0131z&#8221; ifadelerini kulland\u0131.<br \/>\n<br \/>\u00d6zdemir ayr\u0131ca, &#8220;Teknosip Portal\u0131&#8221; projesi ile sanayicilerin kalk\u0131nma ajanslar\u0131 ve bakanl\u0131k desteklerine eri\u015fimini kolayla\u015ft\u0131racaklar\u0131n\u0131 aktard\u0131. Teknokent b\u00fcnyesinde giri\u015fimcilik, patent ve KVKK e\u011fitimleri verdiklerini s\u00f6yleyen \u00d6zdemir, &#8220;102 AR-GE firmas\u0131yla yakla\u015f\u0131k 600 ki\u015fiye do\u011frudan muafiyet imk\u00e2n\u0131 sa\u011fl\u0131yoruz. Bunlar\u0131n 50\u2019si K\u00fctahya merkezli firmalar. Dolayl\u0131 olarak ise 50\u2019ye yak\u0131n ki\u015fiye istihdam sa\u011fl\u0131yoruz&#8221; diye konu\u015ftu.<br \/><\/p>\n","protected":false},"excerpt":{"rendered":"<p>K\u00fctahya Tasar\u0131m Teknokent Genel M\u00fcd\u00fcr\u00fc Do\u00e7. Dr. Durmu\u015f \u00d6zdemir, teknokentin son d\u00f6nemde \u00f6nemli bir b\u00fcy\u00fcme kaydetti\u011fini belirterek, &#8220;\u015eu anda teknokentler aras\u0131nda T\u00fcrkiye genelinde 51. s\u0131raday\u0131z. Hedefimiz gelecek y\u0131l ilk 30 aras\u0131nda yer almak&#8221; dedi. AK Parti K\u00fctahya milletvekilleri \u0130smail \u00c7a\u011flar Bay\u0131rc\u0131 ve Mehmet Demir, AK Parti K\u00fctahya \u0130l Ba\u015fkan\u0131 Ceyda \u00c7etin Erenler, Dumlup\u0131nar \u00dcniversitesi Rekt\u00f6r\u00fc&#8230;<\/p>\n","protected":false},"author":1,"featured_media":48210,"comment_status":"open","ping_status":"open","sticky":false,"template":"","format":"standard","meta":{"_crdt_document":"","footnotes":""},"categories":[125],"tags":[],"class_list":["post-48209","post","type-post","status-publish","format-standard","has-post-thumbnail","hentry","category-ekonomi"],"_links":{"self":[{"href":"https:\/\/www.egemtv.com\/index.php?rest_route=\/wp\/v2\/posts\/48209","targetHints":{"allow":["GET"]}}],"collection":[{"href":"https:\/\/www.egemtv.com\/index.php?rest_route=\/wp\/v2\/posts"}],"about":[{"href":"https:\/\/www.egemtv.com\/index.php?rest_route=\/wp\/v2\/types\/post"}],"author":[{"embeddable":true,"href":"https:\/\/www.egemtv.com\/index.php?rest_route=\/wp\/v2\/users\/1"}],"replies":[{"embeddable":true,"href":"https:\/\/www.egemtv.com\/index.php?rest_route=%2Fwp%2Fv2%2Fcomments&post=48209"}],"version-history":[{"count":1,"href":"https:\/\/www.egemtv.com\/index.php?rest_route=\/wp\/v2\/posts\/48209\/revisions"}],"predecessor-version":[{"id":48211,"href":"https:\/\/www.egemtv.com\/index.php?rest_route=\/wp\/v2\/posts\/48209\/revisions\/48211"}],"wp:featuredmedia":[{"embeddable":true,"href":"https:\/\/www.egemtv.com\/index.php?rest_route=\/wp\/v2\/media\/48210"}],"wp:attachment":[{"href":"https:\/\/www.egemtv.com\/index.php?rest_route=%2Fwp%2Fv2%2Fmedia&parent=48209"}],"wp:term":[{"taxonomy":"category","embeddable":true,"href":"https:\/\/www.egemtv.com\/index.php?rest_route=%2Fwp%2Fv2%2Fcategories&post=48209"},{"taxonomy":"post_tag","embeddable":true,"href":"https:\/\/www.egemtv.com\/index.php?rest_route=%2Fwp%2Fv2%2Ftags&post=48209"}],"curies":[{"name":"wp","href":"https:\/\/api.w.org\/{rel}","templated":true}]}}