{"id":48206,"date":"2025-08-11T18:37:20","date_gmt":"2025-08-11T15:37:20","guid":{"rendered":"https:\/\/www.egemtv.com\/?p=48206"},"modified":"2025-08-11T18:37:21","modified_gmt":"2025-08-11T15:37:21","slug":"celsus-kutuphanesinde-mimar-sinan-ruzgari-esti","status":"publish","type":"post","link":"https:\/\/www.egemtv.com\/?p=48206","title":{"rendered":"Celsus K\u00fct\u00fcphanesi\u2019nde Mimar Sinan r\u00fczgar\u0131 esti"},"content":{"rendered":"<p>\u0130zmir\u2019de Efes Antik Kenti\u2019nin b\u00fcy\u00fcleyici atmosferinde ger\u00e7ekle\u015fen &#8220;Efes Tiyatro G\u00fcnleri&#8221;, Mimar Sinan\u2019\u0131 anlatan etkileyici bir oyunla sanatseverlerle bulu\u015ftu.<br \/>\n<br \/>T\u00dcGVA \u0130zmir \u0130l Temsilcili\u011fi\u2019nin ev sahipli\u011finde K\u00fclt\u00fcr ve Turizm Bakanl\u0131\u011f\u0131 i\u015f birli\u011fiyle d\u00fczenlenen Efes Tiyatro G\u00fcnleri, d\u00fcn ak\u015fam unutulmaz bir a\u00e7\u0131l\u0131\u015f yapt\u0131. Kur\u2019an-\u0131 Kerim tilaveti ile ba\u015flayan etkinlik, tiyatro g\u00f6sterisiyle devam etti. Efes Antik Kenti\u2019nin simge yap\u0131lar\u0131ndan Celsus K\u00fct\u00fcphanesi \u00f6n\u00fcnde sahnelenen &#8220;Mimar Sinan-Muhte\u015fem Y\u00fczy\u0131l\u0131n Mimar\u0131&#8221; adl\u0131 tek perdelik tiyatro oyunu, izleyicilere tarihi ve sanat\u0131 bir arada ya\u015fatt\u0131. Oyuncu Erol Namdar, Osmanl\u0131\u2019n\u0131n ba\u015fmimar\u0131 Mimar Sinan\u2019\u0131n hayat\u0131n\u0131, eserlerini ve sanat anlay\u0131\u015f\u0131n\u0131 etkileyici bir performansla canland\u0131rd\u0131.<br \/>\n<br \/>Tarihi dokusu ve etkileyici akusti\u011fiyle \u00fcnl\u00fc Celsus K\u00fct\u00fcphanesi, bu \u00f6zel etkinlikte tiyatro sahnesine d\u00f6n\u00fc\u015ft\u00fc. Mimar Sinan\u2019\u0131n mimarl\u0131k miras\u0131n\u0131 ve Osmanl\u0131 d\u00f6nemindeki sanat anlay\u0131\u015f\u0131n\u0131 konu alan eser, hem yerli hem de yabanc\u0131 izleyicilerden tam not ald\u0131.<\/p>\n<p>T\u00dcGVA\u2019dan k\u00fclt\u00fcr ve sanata destek<br \/>\n<br \/>T\u00dcGVA \u0130zmir \u0130l Temsilcili\u011fi, &#8220;Efes Tiyatro G\u00fcnleri&#8221; ile tarihi mek\u00e2nlarda sanatsal etkinlikler d\u00fczenleyerek k\u00fclt\u00fcr miras\u0131n\u0131n ya\u015fat\u0131lmas\u0131n\u0131 hedefliyor.<br \/><\/p>\n","protected":false},"excerpt":{"rendered":"<p>\u0130zmir\u2019de Efes Antik Kenti\u2019nin b\u00fcy\u00fcleyici atmosferinde ger\u00e7ekle\u015fen &#8220;Efes Tiyatro G\u00fcnleri&#8221;, Mimar Sinan\u2019\u0131 anlatan etkileyici bir oyunla sanatseverlerle bulu\u015ftu. T\u00dcGVA \u0130zmir \u0130l Temsilcili\u011fi\u2019nin ev sahipli\u011finde K\u00fclt\u00fcr ve Turizm Bakanl\u0131\u011f\u0131 i\u015f birli\u011fiyle d\u00fczenlenen Efes Tiyatro G\u00fcnleri, d\u00fcn ak\u015fam unutulmaz bir a\u00e7\u0131l\u0131\u015f yapt\u0131. Kur\u2019an-\u0131 Kerim tilaveti ile ba\u015flayan etkinlik, tiyatro g\u00f6sterisiyle devam etti. Efes Antik Kenti\u2019nin simge yap\u0131lar\u0131ndan&#8230;<\/p>\n","protected":false},"author":1,"featured_media":48207,"comment_status":"open","ping_status":"open","sticky":false,"template":"","format":"standard","meta":{"_crdt_document":"","footnotes":""},"categories":[1],"tags":[],"class_list":["post-48206","post","type-post","status-publish","format-standard","has-post-thumbnail","hentry","category-guncel"],"_links":{"self":[{"href":"https:\/\/www.egemtv.com\/index.php?rest_route=\/wp\/v2\/posts\/48206","targetHints":{"allow":["GET"]}}],"collection":[{"href":"https:\/\/www.egemtv.com\/index.php?rest_route=\/wp\/v2\/posts"}],"about":[{"href":"https:\/\/www.egemtv.com\/index.php?rest_route=\/wp\/v2\/types\/post"}],"author":[{"embeddable":true,"href":"https:\/\/www.egemtv.com\/index.php?rest_route=\/wp\/v2\/users\/1"}],"replies":[{"embeddable":true,"href":"https:\/\/www.egemtv.com\/index.php?rest_route=%2Fwp%2Fv2%2Fcomments&post=48206"}],"version-history":[{"count":1,"href":"https:\/\/www.egemtv.com\/index.php?rest_route=\/wp\/v2\/posts\/48206\/revisions"}],"predecessor-version":[{"id":48208,"href":"https:\/\/www.egemtv.com\/index.php?rest_route=\/wp\/v2\/posts\/48206\/revisions\/48208"}],"wp:featuredmedia":[{"embeddable":true,"href":"https:\/\/www.egemtv.com\/index.php?rest_route=\/wp\/v2\/media\/48207"}],"wp:attachment":[{"href":"https:\/\/www.egemtv.com\/index.php?rest_route=%2Fwp%2Fv2%2Fmedia&parent=48206"}],"wp:term":[{"taxonomy":"category","embeddable":true,"href":"https:\/\/www.egemtv.com\/index.php?rest_route=%2Fwp%2Fv2%2Fcategories&post=48206"},{"taxonomy":"post_tag","embeddable":true,"href":"https:\/\/www.egemtv.com\/index.php?rest_route=%2Fwp%2Fv2%2Ftags&post=48206"}],"curies":[{"name":"wp","href":"https:\/\/api.w.org\/{rel}","templated":true}]}}