{"id":48203,"date":"2025-08-11T18:15:06","date_gmt":"2025-08-11T15:15:06","guid":{"rendered":"https:\/\/www.egemtv.com\/?p=48203"},"modified":"2025-08-11T18:15:07","modified_gmt":"2025-08-11T15:15:07","slug":"milasta-cikan-orman-yangini-kontrol-altina-alindi","status":"publish","type":"post","link":"https:\/\/www.egemtv.com\/?p=48203","title":{"rendered":"Milas\u2019ta \u00e7\u0131kan orman yang\u0131n\u0131 kontrol alt\u0131na al\u0131nd\u0131"},"content":{"rendered":"<p>Mu\u011fla\u2019n\u0131n Milas il\u00e7esi T\u00fcrbe-Ortak\u00f6y b\u00f6lgesinde \u00e7\u0131kan orman yang\u0131n\u0131 kontrol alt\u0131na al\u0131nd\u0131. B\u00f6lgede so\u011futma \u00e7al\u0131\u015fmalar\u0131 s\u00fcr\u00fcyor.<br \/>\n<br \/>Edinilen bilgiye g\u00f6re, Milas il\u00e7esi T\u00fcrbe-Ortak\u00f6y mevkisinde \u00f6\u011fle saatlerinde \u00e7\u0131kan orman yang\u0131n\u0131na ekipler havadan ve karadan m\u00fcdahale etti. Yo\u011fun \u00e7al\u0131\u015fman\u0131n ard\u0131ndan yang\u0131n kontrol alt\u0131na al\u0131nd\u0131.<br \/>\n<br \/>Yang\u0131n alan\u0131nda orman ekipleri taraf\u0131ndan so\u011futma \u00e7al\u0131\u015fmalar\u0131na ba\u015fland\u0131.<br \/><\/p>\n","protected":false},"excerpt":{"rendered":"<p>Mu\u011fla\u2019n\u0131n Milas il\u00e7esi T\u00fcrbe-Ortak\u00f6y b\u00f6lgesinde \u00e7\u0131kan orman yang\u0131n\u0131 kontrol alt\u0131na al\u0131nd\u0131. B\u00f6lgede so\u011futma \u00e7al\u0131\u015fmalar\u0131 s\u00fcr\u00fcyor. Edinilen bilgiye g\u00f6re, Milas il\u00e7esi T\u00fcrbe-Ortak\u00f6y mevkisinde \u00f6\u011fle saatlerinde \u00e7\u0131kan orman yang\u0131n\u0131na ekipler havadan ve karadan m\u00fcdahale etti. Yo\u011fun \u00e7al\u0131\u015fman\u0131n ard\u0131ndan yang\u0131n kontrol alt\u0131na al\u0131nd\u0131. Yang\u0131n alan\u0131nda orman ekipleri taraf\u0131ndan so\u011futma \u00e7al\u0131\u015fmalar\u0131na ba\u015fland\u0131.<\/p>\n","protected":false},"author":1,"featured_media":48204,"comment_status":"open","ping_status":"open","sticky":false,"template":"","format":"standard","meta":{"_crdt_document":"","footnotes":""},"categories":[5],"tags":[],"class_list":["post-48203","post","type-post","status-publish","format-standard","has-post-thumbnail","hentry","category-asayis"],"_links":{"self":[{"href":"https:\/\/www.egemtv.com\/index.php?rest_route=\/wp\/v2\/posts\/48203","targetHints":{"allow":["GET"]}}],"collection":[{"href":"https:\/\/www.egemtv.com\/index.php?rest_route=\/wp\/v2\/posts"}],"about":[{"href":"https:\/\/www.egemtv.com\/index.php?rest_route=\/wp\/v2\/types\/post"}],"author":[{"embeddable":true,"href":"https:\/\/www.egemtv.com\/index.php?rest_route=\/wp\/v2\/users\/1"}],"replies":[{"embeddable":true,"href":"https:\/\/www.egemtv.com\/index.php?rest_route=%2Fwp%2Fv2%2Fcomments&post=48203"}],"version-history":[{"count":1,"href":"https:\/\/www.egemtv.com\/index.php?rest_route=\/wp\/v2\/posts\/48203\/revisions"}],"predecessor-version":[{"id":48205,"href":"https:\/\/www.egemtv.com\/index.php?rest_route=\/wp\/v2\/posts\/48203\/revisions\/48205"}],"wp:featuredmedia":[{"embeddable":true,"href":"https:\/\/www.egemtv.com\/index.php?rest_route=\/wp\/v2\/media\/48204"}],"wp:attachment":[{"href":"https:\/\/www.egemtv.com\/index.php?rest_route=%2Fwp%2Fv2%2Fmedia&parent=48203"}],"wp:term":[{"taxonomy":"category","embeddable":true,"href":"https:\/\/www.egemtv.com\/index.php?rest_route=%2Fwp%2Fv2%2Fcategories&post=48203"},{"taxonomy":"post_tag","embeddable":true,"href":"https:\/\/www.egemtv.com\/index.php?rest_route=%2Fwp%2Fv2%2Ftags&post=48203"}],"curies":[{"name":"wp","href":"https:\/\/api.w.org\/{rel}","templated":true}]}}