{"id":48200,"date":"2025-08-11T17:34:54","date_gmt":"2025-08-11T14:34:54","guid":{"rendered":"https:\/\/www.egemtv.com\/?p=48200"},"modified":"2025-08-11T17:34:55","modified_gmt":"2025-08-11T14:34:55","slug":"isik-kirliligi-yonlerini-sasirtti-gonulluler-kurtardi","status":"publish","type":"post","link":"https:\/\/www.egemtv.com\/?p=48200","title":{"rendered":"I\u015f\u0131k kirlili\u011fi y\u00f6nlerini \u015fa\u015f\u0131rtt\u0131, g\u00f6n\u00fcll\u00fcler kurtard\u0131"},"content":{"rendered":"<p>Ku\u015fadas\u0131 Kocag\u00f6l ve Didim 3. Koy\u2019da yavru caretta carettalar sahile \u00e7\u0131kt\u0131. I\u015f\u0131k kirlili\u011fi nedeniyle deniz yerine sitelere y\u00f6nelen yavrular, g\u00f6n\u00fcll\u00fclerin m\u00fcdahalesiyle kurtar\u0131l\u0131rken, vatanda\u015flar duyarl\u0131l\u0131k \u00e7a\u011fr\u0131s\u0131 yaparak Eyl\u00fcl sonuna kadar kumsallar\u0131n temiz tutulmas\u0131n\u0131 ve \u0131\u015f\u0131klar\u0131n azalt\u0131lmas\u0131n\u0131 istedi.<\/p>\n<p>Ayd\u0131n\u2019\u0131n Ku\u015fadas\u0131 ve Didim il\u00e7elerindeki sahillerde caretta caretta hareketlili\u011fi devam ediyor. Ku\u015fadas\u0131 Kocag\u00f6l\u2019e yak\u0131n kumsalda, koruma alt\u0131ndaki 6 yuvan\u0131n d\u0131\u015f\u0131nda kimsenin fark etmedi\u011fi yeni bir yuvadan onlarca yavru kaplumba\u011fa d\u00fcn gece ayn\u0131 anda denize ula\u015fmak i\u00e7in harekete ge\u00e7ti. Ancak sahili \u00e7evreleyen yazl\u0131k siteler ve turizm i\u015fletmelerinden gelen yo\u011fun \u0131\u015f\u0131k, minikcarettalar\u0131n y\u00f6nlerini \u015fa\u015f\u0131rtt\u0131. Deniz yerine \u0131\u015f\u0131\u011fa do\u011fru ilerleyen yavrular, plajda bulunan gen\u00e7ler taraf\u0131ndan fark edildi. Gen\u00e7ler, Ekosistemi Koruma ve Do\u011fa Sevenler Derne\u011fi (EKODOSD) ile ileti\u015fime ge\u00e7erek yavrular\u0131 toplad\u0131 ve ekiplerin y\u00f6nlendirmesiyle g\u00fcvenle denize b\u0131rakt\u0131.<\/p>\n<p>73 yumurta, s\u0131f\u0131r kay\u0131p<br \/>\n<br \/>Uzun aray\u0131\u015flar sonucu tespit edilen yuvada 73 yumurta bulundu. Di\u011fer yuvalardan farkl\u0131 olarak t\u00fcm yavrular\u0131n ayn\u0131 anda \u00e7\u0131k\u0131\u015f yapt\u0131\u011f\u0131 ve hi\u00e7 bozuk yumurta bulunmad\u0131\u011f\u0131 belirlendi. Uzmanlar, yuva i\u00e7i s\u0131cakl\u0131\u011f\u0131n her seviyede e\u015fit olmas\u0131n\u0131n bu senkronize \u00e7\u0131k\u0131\u015fa neden oldu\u011funu ifade etti.<\/p>\n<p>Didim 3. Koy\u2019a yeni yuva<br \/>\n<br \/>Ayn\u0131 gece Didim\u2019in 3. Koy sahiline de bir caretta caretta gelerek yumurtalar\u0131n\u0131 b\u0131rakt\u0131. Didim Belediyesi Veterineri Ali Karahall\u0131 ve ekiplerin incelemesiyle yuva yeri tespit edilerek tel kafesle koruma alt\u0131na al\u0131nd\u0131. Sahildeki vatanda\u015flara deniz kaplumba\u011falar\u0131n\u0131n ya\u015fam d\u00f6ng\u00fcs\u00fc ve korunma gereklili\u011fi hakk\u0131nda bilgilendirme yap\u0131ld\u0131. Yetkililer, yavrular\u0131n Eyl\u00fcl ay\u0131 sonunda denizle bulu\u015fmas\u0131n\u0131n beklendi\u011fini, bu s\u00fcre\u00e7te kumsallar\u0131n temiz tutulmas\u0131 ve \u0131\u015f\u0131k kirlili\u011finin azalt\u0131lmas\u0131 gerekti\u011fini vurgulad\u0131.<\/p>\n<p>Do\u011fan\u0131n sessiz kahramanlar\u0131<br \/>\n<br \/>Caretta carettalar, Akdeniz ve Ege sahillerinde nesli tehlike alt\u0131ndaki t\u00fcrler aras\u0131nda yer al\u0131yor. Yavrular\u0131n hayatta kalma \u015fans\u0131 olduk\u00e7a d\u00fc\u015f\u00fck oldu\u011fu i\u00e7in, yuvalar\u0131n korunmas\u0131 ve \u00e7\u0131k\u0131\u015f d\u00f6nemlerinde g\u00f6n\u00fcll\u00fclerin deste\u011fi b\u00fcy\u00fck\u00a0\u00f6nem\u00a0ta\u015f\u0131yor.<br \/><\/p>\n","protected":false},"excerpt":{"rendered":"<p>Ku\u015fadas\u0131 Kocag\u00f6l ve Didim 3. Koy\u2019da yavru caretta carettalar sahile \u00e7\u0131kt\u0131. I\u015f\u0131k kirlili\u011fi nedeniyle deniz yerine sitelere y\u00f6nelen yavrular, g\u00f6n\u00fcll\u00fclerin m\u00fcdahalesiyle kurtar\u0131l\u0131rken, vatanda\u015flar duyarl\u0131l\u0131k \u00e7a\u011fr\u0131s\u0131 yaparak Eyl\u00fcl sonuna kadar kumsallar\u0131n temiz tutulmas\u0131n\u0131 ve \u0131\u015f\u0131klar\u0131n azalt\u0131lmas\u0131n\u0131 istedi. Ayd\u0131n\u2019\u0131n Ku\u015fadas\u0131 ve Didim il\u00e7elerindeki sahillerde caretta caretta hareketlili\u011fi devam ediyor. Ku\u015fadas\u0131 Kocag\u00f6l\u2019e yak\u0131n kumsalda, koruma alt\u0131ndaki 6 yuvan\u0131n&#8230;<\/p>\n","protected":false},"author":1,"featured_media":48201,"comment_status":"open","ping_status":"open","sticky":false,"template":"","format":"standard","meta":{"_crdt_document":"","footnotes":""},"categories":[1],"tags":[],"class_list":["post-48200","post","type-post","status-publish","format-standard","has-post-thumbnail","hentry","category-guncel"],"_links":{"self":[{"href":"https:\/\/www.egemtv.com\/index.php?rest_route=\/wp\/v2\/posts\/48200","targetHints":{"allow":["GET"]}}],"collection":[{"href":"https:\/\/www.egemtv.com\/index.php?rest_route=\/wp\/v2\/posts"}],"about":[{"href":"https:\/\/www.egemtv.com\/index.php?rest_route=\/wp\/v2\/types\/post"}],"author":[{"embeddable":true,"href":"https:\/\/www.egemtv.com\/index.php?rest_route=\/wp\/v2\/users\/1"}],"replies":[{"embeddable":true,"href":"https:\/\/www.egemtv.com\/index.php?rest_route=%2Fwp%2Fv2%2Fcomments&post=48200"}],"version-history":[{"count":1,"href":"https:\/\/www.egemtv.com\/index.php?rest_route=\/wp\/v2\/posts\/48200\/revisions"}],"predecessor-version":[{"id":48202,"href":"https:\/\/www.egemtv.com\/index.php?rest_route=\/wp\/v2\/posts\/48200\/revisions\/48202"}],"wp:featuredmedia":[{"embeddable":true,"href":"https:\/\/www.egemtv.com\/index.php?rest_route=\/wp\/v2\/media\/48201"}],"wp:attachment":[{"href":"https:\/\/www.egemtv.com\/index.php?rest_route=%2Fwp%2Fv2%2Fmedia&parent=48200"}],"wp:term":[{"taxonomy":"category","embeddable":true,"href":"https:\/\/www.egemtv.com\/index.php?rest_route=%2Fwp%2Fv2%2Fcategories&post=48200"},{"taxonomy":"post_tag","embeddable":true,"href":"https:\/\/www.egemtv.com\/index.php?rest_route=%2Fwp%2Fv2%2Ftags&post=48200"}],"curies":[{"name":"wp","href":"https:\/\/api.w.org\/{rel}","templated":true}]}}