{"id":48197,"date":"2025-08-11T17:34:53","date_gmt":"2025-08-11T14:34:53","guid":{"rendered":"https:\/\/www.egemtv.com\/?p=48197"},"modified":"2025-08-11T17:34:54","modified_gmt":"2025-08-11T14:34:54","slug":"manisada-takla-atan-aractan-burnu-bile-kanamadan-cikti","status":"publish","type":"post","link":"https:\/\/www.egemtv.com\/?p=48197","title":{"rendered":"Manisa\u2019da takla atan ara\u00e7tan burnu bile kanamadan \u00e7\u0131kt\u0131"},"content":{"rendered":"<p>Manisa\u2019n\u0131n Salihli il\u00e7esinde s\u00fcr\u00fcc\u00fcs\u00fcn\u00fcn kontrol\u00fcnden \u00e7\u0131kan ve ayd\u0131nlatma dire\u011fine \u00e7arpan otomobil takla att\u0131. S\u00fcr\u00fcc\u00fc emniyet kemeri sayesinde yara almadan kurtuldu.<br \/>\n<br \/>Kaza, Aksoy Mahallesi Cephanelik mevkisinde meydana geldi. Edinilen bilgiye g\u00f6re, Z.\u00d6. y\u00f6netimindeki 45 ASC 649 plakal\u0131 otomobil, s\u00fcr\u00fcc\u00fcn\u00fcn direksiyon hakimiyetini kaybetmesi sonucu ayd\u0131nlatma dire\u011fine \u00e7arp\u0131p takla att\u0131. \u00c7evredeki vatanda\u015flar\u0131n ihbar\u0131 \u00fczerine olay yerinde sa\u011fl\u0131k ve polis ekibi sevk edildi. Ya\u015fanan kazada, emniyet kemeri tak\u0131l\u0131 olan s\u00fcr\u00fcc\u00fc Z.\u00d6, ters d\u00f6nen ara\u00e7tan burnu bile kanamadan \u00e7\u0131kt\u0131.<br \/>\n<br \/>Takla atan otomobil \u00e7ekici vas\u0131tas\u0131yla kald\u0131r\u0131l\u0131rken, kaza sonras\u0131 otomobil ve ayd\u0131nlatma dire\u011finde hasar olu\u015ftu.<br \/><\/p>\n","protected":false},"excerpt":{"rendered":"<p>Manisa\u2019n\u0131n Salihli il\u00e7esinde s\u00fcr\u00fcc\u00fcs\u00fcn\u00fcn kontrol\u00fcnden \u00e7\u0131kan ve ayd\u0131nlatma dire\u011fine \u00e7arpan otomobil takla att\u0131. S\u00fcr\u00fcc\u00fc emniyet kemeri sayesinde yara almadan kurtuldu. Kaza, Aksoy Mahallesi Cephanelik mevkisinde meydana geldi. Edinilen bilgiye g\u00f6re, Z.\u00d6. y\u00f6netimindeki 45 ASC 649 plakal\u0131 otomobil, s\u00fcr\u00fcc\u00fcn\u00fcn direksiyon hakimiyetini kaybetmesi sonucu ayd\u0131nlatma dire\u011fine \u00e7arp\u0131p takla att\u0131. \u00c7evredeki vatanda\u015flar\u0131n ihbar\u0131 \u00fczerine olay yerinde sa\u011fl\u0131k ve&#8230;<\/p>\n","protected":false},"author":1,"featured_media":48198,"comment_status":"open","ping_status":"open","sticky":false,"template":"","format":"standard","meta":{"_crdt_document":"","footnotes":""},"categories":[5],"tags":[],"class_list":["post-48197","post","type-post","status-publish","format-standard","has-post-thumbnail","hentry","category-asayis"],"_links":{"self":[{"href":"https:\/\/www.egemtv.com\/index.php?rest_route=\/wp\/v2\/posts\/48197","targetHints":{"allow":["GET"]}}],"collection":[{"href":"https:\/\/www.egemtv.com\/index.php?rest_route=\/wp\/v2\/posts"}],"about":[{"href":"https:\/\/www.egemtv.com\/index.php?rest_route=\/wp\/v2\/types\/post"}],"author":[{"embeddable":true,"href":"https:\/\/www.egemtv.com\/index.php?rest_route=\/wp\/v2\/users\/1"}],"replies":[{"embeddable":true,"href":"https:\/\/www.egemtv.com\/index.php?rest_route=%2Fwp%2Fv2%2Fcomments&post=48197"}],"version-history":[{"count":1,"href":"https:\/\/www.egemtv.com\/index.php?rest_route=\/wp\/v2\/posts\/48197\/revisions"}],"predecessor-version":[{"id":48199,"href":"https:\/\/www.egemtv.com\/index.php?rest_route=\/wp\/v2\/posts\/48197\/revisions\/48199"}],"wp:featuredmedia":[{"embeddable":true,"href":"https:\/\/www.egemtv.com\/index.php?rest_route=\/wp\/v2\/media\/48198"}],"wp:attachment":[{"href":"https:\/\/www.egemtv.com\/index.php?rest_route=%2Fwp%2Fv2%2Fmedia&parent=48197"}],"wp:term":[{"taxonomy":"category","embeddable":true,"href":"https:\/\/www.egemtv.com\/index.php?rest_route=%2Fwp%2Fv2%2Fcategories&post=48197"},{"taxonomy":"post_tag","embeddable":true,"href":"https:\/\/www.egemtv.com\/index.php?rest_route=%2Fwp%2Fv2%2Ftags&post=48197"}],"curies":[{"name":"wp","href":"https:\/\/api.w.org\/{rel}","templated":true}]}}