{"id":48194,"date":"2025-08-11T17:34:53","date_gmt":"2025-08-11T14:34:53","guid":{"rendered":"https:\/\/www.egemtv.com\/?p=48194"},"modified":"2025-08-11T17:34:53","modified_gmt":"2025-08-11T14:34:53","slug":"usak-egitim-ve-arastirma-hastanesi-kadrosuna-yeni-uzman-doktorlar-katildi","status":"publish","type":"post","link":"https:\/\/www.egemtv.com\/?p=48194","title":{"rendered":"U\u015fak E\u011fitim ve Ara\u015ft\u0131rma Hastanesi kadrosuna yeni uzman doktorlar kat\u0131ld\u0131"},"content":{"rendered":"<p>U\u015fak E\u011fitim ve Ara\u015ft\u0131rma Hastanesi kadrosunu geni\u015fletmeye devam ederken 4 doktorun daha kadrosuna ald\u0131\u011f\u0131n\u0131 duyurdu.<br \/>\n<br \/>U\u015fak E\u011fitim ve Ara\u015ft\u0131rma Hastanesi kadrosunu geni\u015fletmeye devam ederken ge\u00e7ti\u011fimiz g\u00fcnlerde, N\u00f6roloji Hekimi Doktor \u00d6\u011fretim \u00dcyesi  Ay\u015fe K\u00fcbra \u015eap K\u0131nar, Beyin Cerrahi Hekimi Op. Dr. Sinan Sa\u011f\u0131ro\u011flu, Acil T\u0131p Hekimi Doktor \u00d6\u011fretim \u00dcyesi Ali \u00dcnal, Ve Genel Cerrahi Hekimi Dr. \u00d6\u011fr. \u00dcyesi Ayberk Dursun\u2019u kadrosuna alm\u0131\u015ft\u0131. U\u015fak E\u011fitim ve Ara\u015ft\u0131rma Hastanesi sosyal medyas\u0131 \u00fczerinden yap\u0131lan payla\u015f\u0131mda ise 4 doktorun daha kadrosunu alarak g\u00f6reve ba\u015flad\u0131\u011f\u0131n\u0131 duyurdu.<br \/>\n<br \/>Yap\u0131lan a\u00e7\u0131klamada yeni kadroya ba\u015flayan doktorlar\u0131n g\u00f6revleri \u015fu \u015fekilde,  G\u00f6z Hastal\u0131klar\u0131 Uzman\u0131 Dr. Ata Baytaro\u011flu, N\u00f6roloji Uzman\u0131 Dr. Elif G\u00f6zde T\u00fcredi Karabulut ve Radyoloji Uzmanlar\u0131 Dr. Gizem \u00d6zmen ile Dr. Cihat P\u0131narc\u0131 g\u00f6reve ba\u015flad\u0131.<br \/>\n<br \/>Hastane yetkilileri, yeni kadro ile sa\u011fl\u0131k hizmetlerinde kalite ve hasta memnuniyetinin art\u0131r\u0131lmas\u0131n\u0131n hedeflendi\u011fini bildirdi.<br \/><\/p>\n","protected":false},"excerpt":{"rendered":"<p>U\u015fak E\u011fitim ve Ara\u015ft\u0131rma Hastanesi kadrosunu geni\u015fletmeye devam ederken 4 doktorun daha kadrosuna ald\u0131\u011f\u0131n\u0131 duyurdu. U\u015fak E\u011fitim ve Ara\u015ft\u0131rma Hastanesi kadrosunu geni\u015fletmeye devam ederken ge\u00e7ti\u011fimiz g\u00fcnlerde, N\u00f6roloji Hekimi Doktor \u00d6\u011fretim \u00dcyesi Ay\u015fe K\u00fcbra \u015eap K\u0131nar, Beyin Cerrahi Hekimi Op. Dr. Sinan Sa\u011f\u0131ro\u011flu, Acil T\u0131p Hekimi Doktor \u00d6\u011fretim \u00dcyesi Ali \u00dcnal, Ve Genel Cerrahi Hekimi Dr&#8230;.<\/p>\n","protected":false},"author":1,"featured_media":48195,"comment_status":"open","ping_status":"open","sticky":false,"template":"","format":"standard","meta":{"_crdt_document":"","footnotes":""},"categories":[2],"tags":[],"class_list":["post-48194","post","type-post","status-publish","format-standard","has-post-thumbnail","hentry","category-saglik"],"_links":{"self":[{"href":"https:\/\/www.egemtv.com\/index.php?rest_route=\/wp\/v2\/posts\/48194","targetHints":{"allow":["GET"]}}],"collection":[{"href":"https:\/\/www.egemtv.com\/index.php?rest_route=\/wp\/v2\/posts"}],"about":[{"href":"https:\/\/www.egemtv.com\/index.php?rest_route=\/wp\/v2\/types\/post"}],"author":[{"embeddable":true,"href":"https:\/\/www.egemtv.com\/index.php?rest_route=\/wp\/v2\/users\/1"}],"replies":[{"embeddable":true,"href":"https:\/\/www.egemtv.com\/index.php?rest_route=%2Fwp%2Fv2%2Fcomments&post=48194"}],"version-history":[{"count":1,"href":"https:\/\/www.egemtv.com\/index.php?rest_route=\/wp\/v2\/posts\/48194\/revisions"}],"predecessor-version":[{"id":48196,"href":"https:\/\/www.egemtv.com\/index.php?rest_route=\/wp\/v2\/posts\/48194\/revisions\/48196"}],"wp:featuredmedia":[{"embeddable":true,"href":"https:\/\/www.egemtv.com\/index.php?rest_route=\/wp\/v2\/media\/48195"}],"wp:attachment":[{"href":"https:\/\/www.egemtv.com\/index.php?rest_route=%2Fwp%2Fv2%2Fmedia&parent=48194"}],"wp:term":[{"taxonomy":"category","embeddable":true,"href":"https:\/\/www.egemtv.com\/index.php?rest_route=%2Fwp%2Fv2%2Fcategories&post=48194"},{"taxonomy":"post_tag","embeddable":true,"href":"https:\/\/www.egemtv.com\/index.php?rest_route=%2Fwp%2Fv2%2Ftags&post=48194"}],"curies":[{"name":"wp","href":"https:\/\/api.w.org\/{rel}","templated":true}]}}