{"id":48191,"date":"2025-08-11T17:34:51","date_gmt":"2025-08-11T14:34:51","guid":{"rendered":"https:\/\/www.egemtv.com\/?p=48191"},"modified":"2025-08-11T17:34:52","modified_gmt":"2025-08-11T14:34:52","slug":"denizlinin-altin-kulaci-turkiye-sampiyonu-oldu","status":"publish","type":"post","link":"https:\/\/www.egemtv.com\/?p=48191","title":{"rendered":"Denizli\u2019nin alt\u0131n kula\u00e7\u0131 T\u00fcrkiye \u015fampiyonu oldu"},"content":{"rendered":"<p>Y\u00fczme Sporcusu Mehmet Sarhanl\u0131, \u0130stanbul\u2019da d\u00fczenlenen Kul\u00fcpler Aras\u0131 Uzun Kulvar Gen\u00e7 ve A\u00e7\u0131k Ya\u015f Y\u00fczme \u015eampiyonas\u0131 ve Y\u0131ld\u0131zlar Bireysel Y\u00fczme \u015eampiyonas\u0131\u2019nda 100 ve 200 metre s\u0131rt\u00fcst\u00fc T\u00fcrkiye \u015eampiyonu, 100 metre serbest stilde ise T\u00fcrkiye \u00fc\u00e7\u00fcnc\u00fcs\u00fc oldu.<br \/>\n<br \/>T\u00fcrkiye Y\u00fczme Federasyonu taraf\u0131ndan 5-9 A\u011fustos 2025 tarihleri aras\u0131nda \u0130stanbul\u2019da d\u00fczenlenen Kul\u00fcpler Aras\u0131 Uzun Kulvar Gen\u00e7 ve A\u00e7\u0131k Ya\u015f Y\u00fczme \u015eampiyonas\u0131 ve Y\u0131ld\u0131zlar Bireysel Y\u00fczme \u015eampiyonas\u0131\u2019nda sporcu Mehmet Sarhanl\u0131, b\u00fcy\u00fck bir ba\u015far\u0131ya imza att\u0131. Gen\u00e7 sporcu, 100 metre s\u0131rt\u00fcst\u00fc, 200 metre s\u0131rt\u00fcst\u00fc stillerinde T\u00fcrkiye \u015eampiyonu olarak alt\u0131n madalyalar\u0131n sahibi oldu. Ayr\u0131ca 100 metre serbest stilde de T\u00fcrkiye \u00fc\u00e7\u00fcnc\u00fcl\u00fc\u011f\u00fc elde ederek ba\u015far\u0131lar\u0131n\u0131 ta\u00e7land\u0131rd\u0131.<br \/><\/p>\n","protected":false},"excerpt":{"rendered":"<p>Y\u00fczme Sporcusu Mehmet Sarhanl\u0131, \u0130stanbul\u2019da d\u00fczenlenen Kul\u00fcpler Aras\u0131 Uzun Kulvar Gen\u00e7 ve A\u00e7\u0131k Ya\u015f Y\u00fczme \u015eampiyonas\u0131 ve Y\u0131ld\u0131zlar Bireysel Y\u00fczme \u015eampiyonas\u0131\u2019nda 100 ve 200 metre s\u0131rt\u00fcst\u00fc T\u00fcrkiye \u015eampiyonu, 100 metre serbest stilde ise T\u00fcrkiye \u00fc\u00e7\u00fcnc\u00fcs\u00fc oldu. T\u00fcrkiye Y\u00fczme Federasyonu taraf\u0131ndan 5-9 A\u011fustos 2025 tarihleri aras\u0131nda \u0130stanbul\u2019da d\u00fczenlenen Kul\u00fcpler Aras\u0131 Uzun Kulvar Gen\u00e7 ve A\u00e7\u0131k Ya\u015f&#8230;<\/p>\n","protected":false},"author":1,"featured_media":48192,"comment_status":"open","ping_status":"open","sticky":false,"template":"","format":"standard","meta":{"_crdt_document":"","footnotes":""},"categories":[4],"tags":[],"class_list":["post-48191","post","type-post","status-publish","format-standard","has-post-thumbnail","hentry","category-spor"],"_links":{"self":[{"href":"https:\/\/www.egemtv.com\/index.php?rest_route=\/wp\/v2\/posts\/48191","targetHints":{"allow":["GET"]}}],"collection":[{"href":"https:\/\/www.egemtv.com\/index.php?rest_route=\/wp\/v2\/posts"}],"about":[{"href":"https:\/\/www.egemtv.com\/index.php?rest_route=\/wp\/v2\/types\/post"}],"author":[{"embeddable":true,"href":"https:\/\/www.egemtv.com\/index.php?rest_route=\/wp\/v2\/users\/1"}],"replies":[{"embeddable":true,"href":"https:\/\/www.egemtv.com\/index.php?rest_route=%2Fwp%2Fv2%2Fcomments&post=48191"}],"version-history":[{"count":1,"href":"https:\/\/www.egemtv.com\/index.php?rest_route=\/wp\/v2\/posts\/48191\/revisions"}],"predecessor-version":[{"id":48193,"href":"https:\/\/www.egemtv.com\/index.php?rest_route=\/wp\/v2\/posts\/48191\/revisions\/48193"}],"wp:featuredmedia":[{"embeddable":true,"href":"https:\/\/www.egemtv.com\/index.php?rest_route=\/wp\/v2\/media\/48192"}],"wp:attachment":[{"href":"https:\/\/www.egemtv.com\/index.php?rest_route=%2Fwp%2Fv2%2Fmedia&parent=48191"}],"wp:term":[{"taxonomy":"category","embeddable":true,"href":"https:\/\/www.egemtv.com\/index.php?rest_route=%2Fwp%2Fv2%2Fcategories&post=48191"},{"taxonomy":"post_tag","embeddable":true,"href":"https:\/\/www.egemtv.com\/index.php?rest_route=%2Fwp%2Fv2%2Ftags&post=48191"}],"curies":[{"name":"wp","href":"https:\/\/api.w.org\/{rel}","templated":true}]}}