{"id":48188,"date":"2025-08-11T17:34:50","date_gmt":"2025-08-11T14:34:50","guid":{"rendered":"https:\/\/www.egemtv.com\/?p=48188"},"modified":"2025-08-11T17:34:51","modified_gmt":"2025-08-11T14:34:51","slug":"buyuksehir-efelerin-yollarini-yeniliyor-2","status":"publish","type":"post","link":"https:\/\/www.egemtv.com\/?p=48188","title":{"rendered":"B\u00fcy\u00fck\u015fehir Efeler\u2019in yollar\u0131n\u0131 yeniliyor"},"content":{"rendered":"<p>Ayd\u0131n B\u00fcy\u00fck\u015fehir Belediyesi, kent genelinde vatanda\u015flar i\u00e7in daha g\u00fcvenli ve konforlu yollar olu\u015fturmaya devam ediyor.<br \/>\n<br \/>Yat\u0131r\u0131mlar\u0131na her ge\u00e7en g\u00fcn yenilerini ekleyen B\u00fcy\u00fck\u015fehir Belediyesi, Efeler il\u00e7esi K\u0131z\u0131lcak\u00f6y Mahallesi ile Bal\u0131kk\u00f6y Mahallesi aras\u0131nda bulunan yolda kaz\u0131 \u00e7al\u0131\u015fmalar\u0131na ba\u015flad\u0131. Fen \u0130\u015fleri Dairesi Ba\u015fkanl\u0131\u011f\u0131 Yol Yap\u0131m ve Bak\u0131m \u015eube M\u00fcd\u00fcrl\u00fc\u011f\u00fc ekipleri, kaz\u0131 \u00e7al\u0131\u015fmalar\u0131n\u0131n ard\u0131ndan yolda s\u0131cak asfalt serimi ger\u00e7ekle\u015ftirilecek. \u00c7izgileme ve logolama \u00e7al\u0131\u015fmalar\u0131 da yap\u0131lacak olan yol, daha konforlu ve g\u00fcvenli haliyle il\u00e7e halk\u0131n\u0131n kullan\u0131m\u0131na sunulacak.<br \/>\n<br \/>Yol yap\u0131m ve yenileme \u00e7al\u0131\u015fmalar\u0131n\u0131n 17 il\u00e7ede s\u00fcrece\u011fini belirten Ayd\u0131n B\u00fcy\u00fck\u015fehir Belediye Ba\u015fkan\u0131 \u00d6zlem \u00c7er\u00e7io\u011flu, &#8220;G\u00fczel Ayd\u0131n\u0131m\u0131z i\u00e7in \u00e7al\u0131\u015fmaya, hem\u015fehrilerimizi hizmetlerimiz ile bulu\u015fturmaya devam ediyor. 17 il\u00e7emizin tamam\u0131nda yol yap\u0131m ve yenileme \u00e7al\u0131\u015fmalar\u0131m\u0131z\u0131 aral\u0131ks\u0131z s\u00fcrd\u00fcr\u00fcyoruz. Kentimiz i\u00e7in yat\u0131r\u0131mlar\u0131m\u0131za h\u0131z kesmeden devam edece\u011fiz&#8221; ifadelerini kulland\u0131.<br \/>\n<br \/>Vatanda\u015flar, yap\u0131lan hizmetlerden memnuniyet duyduklar\u0131n\u0131 ifade ederek h\u0131zl\u0131, planl\u0131 ve koordineli bir \u015fekilde s\u00fcrd\u00fcr\u00fclen \u00e7al\u0131\u015fmalar i\u00e7in Ba\u015fkan \u00c7er\u00e7io\u011flu\u2019na te\u015fekk\u00fcr etti.<br \/><\/p>\n","protected":false},"excerpt":{"rendered":"<p>Ayd\u0131n B\u00fcy\u00fck\u015fehir Belediyesi, kent genelinde vatanda\u015flar i\u00e7in daha g\u00fcvenli ve konforlu yollar olu\u015fturmaya devam ediyor. Yat\u0131r\u0131mlar\u0131na her ge\u00e7en g\u00fcn yenilerini ekleyen B\u00fcy\u00fck\u015fehir Belediyesi, Efeler il\u00e7esi K\u0131z\u0131lcak\u00f6y Mahallesi ile Bal\u0131kk\u00f6y Mahallesi aras\u0131nda bulunan yolda kaz\u0131 \u00e7al\u0131\u015fmalar\u0131na ba\u015flad\u0131. Fen \u0130\u015fleri Dairesi Ba\u015fkanl\u0131\u011f\u0131 Yol Yap\u0131m ve Bak\u0131m \u015eube M\u00fcd\u00fcrl\u00fc\u011f\u00fc ekipleri, kaz\u0131 \u00e7al\u0131\u015fmalar\u0131n\u0131n ard\u0131ndan yolda s\u0131cak asfalt serimi ger\u00e7ekle\u015ftirilecek&#8230;.<\/p>\n","protected":false},"author":1,"featured_media":48189,"comment_status":"open","ping_status":"open","sticky":false,"template":"","format":"standard","meta":{"_crdt_document":"","footnotes":""},"categories":[1],"tags":[],"class_list":["post-48188","post","type-post","status-publish","format-standard","has-post-thumbnail","hentry","category-guncel"],"_links":{"self":[{"href":"https:\/\/www.egemtv.com\/index.php?rest_route=\/wp\/v2\/posts\/48188","targetHints":{"allow":["GET"]}}],"collection":[{"href":"https:\/\/www.egemtv.com\/index.php?rest_route=\/wp\/v2\/posts"}],"about":[{"href":"https:\/\/www.egemtv.com\/index.php?rest_route=\/wp\/v2\/types\/post"}],"author":[{"embeddable":true,"href":"https:\/\/www.egemtv.com\/index.php?rest_route=\/wp\/v2\/users\/1"}],"replies":[{"embeddable":true,"href":"https:\/\/www.egemtv.com\/index.php?rest_route=%2Fwp%2Fv2%2Fcomments&post=48188"}],"version-history":[{"count":1,"href":"https:\/\/www.egemtv.com\/index.php?rest_route=\/wp\/v2\/posts\/48188\/revisions"}],"predecessor-version":[{"id":48190,"href":"https:\/\/www.egemtv.com\/index.php?rest_route=\/wp\/v2\/posts\/48188\/revisions\/48190"}],"wp:featuredmedia":[{"embeddable":true,"href":"https:\/\/www.egemtv.com\/index.php?rest_route=\/wp\/v2\/media\/48189"}],"wp:attachment":[{"href":"https:\/\/www.egemtv.com\/index.php?rest_route=%2Fwp%2Fv2%2Fmedia&parent=48188"}],"wp:term":[{"taxonomy":"category","embeddable":true,"href":"https:\/\/www.egemtv.com\/index.php?rest_route=%2Fwp%2Fv2%2Fcategories&post=48188"},{"taxonomy":"post_tag","embeddable":true,"href":"https:\/\/www.egemtv.com\/index.php?rest_route=%2Fwp%2Fv2%2Ftags&post=48188"}],"curies":[{"name":"wp","href":"https:\/\/api.w.org\/{rel}","templated":true}]}}