{"id":48182,"date":"2025-08-11T17:34:48","date_gmt":"2025-08-11T14:34:48","guid":{"rendered":"https:\/\/www.egemtv.com\/?p=48182"},"modified":"2025-08-11T17:34:49","modified_gmt":"2025-08-11T14:34:49","slug":"soma-yangininda-bir-mahalle-bosaltindi-bir-kisi-de-gozaltina-alindi","status":"publish","type":"post","link":"https:\/\/www.egemtv.com\/?p=48182","title":{"rendered":"Soma yang\u0131n\u0131nda bir mahalle bo\u015falt\u0131nd\u0131, bir ki\u015fi de g\u00f6zalt\u0131na al\u0131nd\u0131"},"content":{"rendered":"<p>Manisa\u2019n\u0131n Soma il\u00e7esinde devam eden orman yang\u0131n\u0131nda bir mahalle bo\u015falt\u0131l\u0131rken bir ki\u015fi de g\u00f6zalt\u0131na al\u0131nd\u0131.<br \/>\n<br \/>Manisa\u2019n\u0131n Soma il\u00e7esinde ba\u015flayan orman yang\u0131n\u0131na m\u00fcdahale edilmeye devam ediliyor. Soma il\u00e7esine ba\u011fl\u0131 Turgutalp Mahallesi\u2019nde meydana gelen yang\u0131na \u0130zmir Orman B\u00f6lge M\u00fcd\u00fcrl\u00fc\u011f\u00fcne ba\u011fl\u0131 2 u\u00e7ak, 10 helikopter, 30 araz\u00f6z, 22 su ikmal, 7 i\u015f makinesi ile Manisa B\u00fcy\u00fck\u015fehir Belediyesi \u0130tfaiye Dairesi Ba\u015fkanl\u0131\u011f\u0131na ba\u011fl\u0131 5 itfaiye arac\u0131 ile etkin bir \u015fekilde m\u00fcdahale devam ediliyor. \u00d6te yandan yang\u0131nda il\u00e7eye ba\u011fl\u0131 Kozanl\u0131 Mahallesi tahliye ama\u00e7l\u0131 tahliye edildi.<br \/>\n<br \/>Yang\u0131n b\u00f6lgesine giden Manisa Valisi Vahdettin \u00d6zkan, y\u00fcr\u00fct\u00fclen \u00e7al\u0131\u015fmalar hakk\u0131nda bilgi ald\u0131. Burada a\u00e7\u0131klama yapan \u00d6zkan, &#8220;Soma\u2019da Turgutalp Mahallemizde maalesef bug\u00fcn saat 14.30 s\u0131ralar\u0131nda bir yang\u0131n haberini ald\u0131k. Yang\u0131n haberinin al\u0131nmas\u0131yla beraber kriz merkezinde yerel unsurlarla beraber Tar\u0131m ve Orman Bakanl\u0131\u011f\u0131 koordinasyonunda yerden ve havadan m\u00fcdahale ba\u015flad\u0131. Yang\u0131n\u0131n yay\u0131lmas\u0131yla beraber hem hava hem kara unsurlar\u0131n\u0131n etkisi artt\u0131r\u0131ld\u0131. Tehlikeli bir zamanda bir zamanda ba\u015flad\u0131 yang\u0131n. R\u00fczgar\u0131n h\u0131z\u0131 \u00e7ok y\u00fcksek ve nem oran\u0131 d\u00fc\u015f\u00fck, s\u0131cakl\u0131k da fazla. Yerle\u015fim birimine de yak\u0131n olunca t\u00fcm tehlike unsurlara yan yana geldi. Bu h\u0131zla iyi bir koordinasyonla t\u00fcm ara\u00e7 ve gere\u00e7lerimizle yang\u0131n\u0131 bir an \u00f6nce sonland\u0131rmay\u0131 istiyoruz. Hem jandarmam\u0131z, emniyetimiz, il\u00e7e belediyemiz, kaymakaml\u0131\u011f\u0131m\u0131z koordinasyonunda yerelde de etkin \u015fekilde takip ediyorlar. Tar\u0131m ve Orman Bakanl\u0131\u011f\u0131m\u0131z b\u00f6lgeyi g\u00f6zeterek hava destek unsurlar\u0131n\u0131 y\u00f6nlendiriyor. \u0130tfaiye Daire Ba\u015fkanl\u0131\u011f\u0131m\u0131zla g\u00f6r\u00fc\u015ft\u00fck. Yerle\u015fim yerlerini tehdit ve tedbirlerini g\u00f6r\u00fc\u015ft\u00fck. Bir an \u00f6nce bu yang\u0131n\u0131n s\u00f6nd\u00fcr\u00fclmesini temenni ediyorum. Tahliye karar\u0131 verilen Kozanl\u0131 Mahallemiz var. Arkada\u015flar\u0131m\u0131z orada bilgilendirme yap\u0131yorlar. Kriz merkezinde de hangi ara\u00e7 ve gere\u00e7 ihtiyac\u0131 varsa temin edilmeye \u00e7al\u0131\u015f\u0131l\u0131yor. Yang\u0131n\u0131n \u00e7\u0131k\u0131\u015f sebebiyle ilgili adli tahkikat ba\u015flat\u0131ld\u0131. Soru\u015fturma devam ediyor. Bir ki\u015fi g\u00f6zalt\u0131na al\u0131nd\u0131. Taksirle de olsa etkili bir soru\u015fturma y\u00fcr\u00fct\u00fcl\u00fcyor&#8221; dedi.<br \/><\/p>\n","protected":false},"excerpt":{"rendered":"<p>Manisa\u2019n\u0131n Soma il\u00e7esinde devam eden orman yang\u0131n\u0131nda bir mahalle bo\u015falt\u0131l\u0131rken bir ki\u015fi de g\u00f6zalt\u0131na al\u0131nd\u0131. Manisa\u2019n\u0131n Soma il\u00e7esinde ba\u015flayan orman yang\u0131n\u0131na m\u00fcdahale edilmeye devam ediliyor. Soma il\u00e7esine ba\u011fl\u0131 Turgutalp Mahallesi\u2019nde meydana gelen yang\u0131na \u0130zmir Orman B\u00f6lge M\u00fcd\u00fcrl\u00fc\u011f\u00fcne ba\u011fl\u0131 2 u\u00e7ak, 10 helikopter, 30 araz\u00f6z, 22 su ikmal, 7 i\u015f makinesi ile Manisa B\u00fcy\u00fck\u015fehir Belediyesi \u0130tfaiye&#8230;<\/p>\n","protected":false},"author":1,"featured_media":48183,"comment_status":"open","ping_status":"open","sticky":false,"template":"","format":"standard","meta":{"_crdt_document":"","footnotes":""},"categories":[5],"tags":[],"class_list":["post-48182","post","type-post","status-publish","format-standard","has-post-thumbnail","hentry","category-asayis"],"_links":{"self":[{"href":"https:\/\/www.egemtv.com\/index.php?rest_route=\/wp\/v2\/posts\/48182","targetHints":{"allow":["GET"]}}],"collection":[{"href":"https:\/\/www.egemtv.com\/index.php?rest_route=\/wp\/v2\/posts"}],"about":[{"href":"https:\/\/www.egemtv.com\/index.php?rest_route=\/wp\/v2\/types\/post"}],"author":[{"embeddable":true,"href":"https:\/\/www.egemtv.com\/index.php?rest_route=\/wp\/v2\/users\/1"}],"replies":[{"embeddable":true,"href":"https:\/\/www.egemtv.com\/index.php?rest_route=%2Fwp%2Fv2%2Fcomments&post=48182"}],"version-history":[{"count":1,"href":"https:\/\/www.egemtv.com\/index.php?rest_route=\/wp\/v2\/posts\/48182\/revisions"}],"predecessor-version":[{"id":48184,"href":"https:\/\/www.egemtv.com\/index.php?rest_route=\/wp\/v2\/posts\/48182\/revisions\/48184"}],"wp:featuredmedia":[{"embeddable":true,"href":"https:\/\/www.egemtv.com\/index.php?rest_route=\/wp\/v2\/media\/48183"}],"wp:attachment":[{"href":"https:\/\/www.egemtv.com\/index.php?rest_route=%2Fwp%2Fv2%2Fmedia&parent=48182"}],"wp:term":[{"taxonomy":"category","embeddable":true,"href":"https:\/\/www.egemtv.com\/index.php?rest_route=%2Fwp%2Fv2%2Fcategories&post=48182"},{"taxonomy":"post_tag","embeddable":true,"href":"https:\/\/www.egemtv.com\/index.php?rest_route=%2Fwp%2Fv2%2Ftags&post=48182"}],"curies":[{"name":"wp","href":"https:\/\/api.w.org\/{rel}","templated":true}]}}