{"id":48179,"date":"2025-08-11T17:14:53","date_gmt":"2025-08-11T14:14:53","guid":{"rendered":"https:\/\/www.egemtv.com\/?p=48179"},"modified":"2025-08-11T17:14:54","modified_gmt":"2025-08-11T14:14:54","slug":"firinda-unutulan-yemek-az-daha-evi-yakiyordu","status":"publish","type":"post","link":"https:\/\/www.egemtv.com\/?p=48179","title":{"rendered":"F\u0131r\u0131nda unutulan yemek az daha evi yak\u0131yordu"},"content":{"rendered":"<p>Manisa\u2019n\u0131n Salihli il\u00e7esinde f\u0131r\u0131nda unutulan yemekten ba\u015flayan yang\u0131n itfaiye ekipleri taraf\u0131ndan b\u00fcy\u00fcmeden s\u00f6nd\u00fcr\u00fcld\u00fc.<br \/>\n<br \/>Yang\u0131n, Salihli\u2019de Sa\u011fl\u0131k Mahallesi 193.Sokak\u2019taki bir ikamette meydana geldi. \u0130ddiaya g\u00f6re, f\u0131r\u0131ndan dumanlar ve alevler \u00e7\u0131kt\u0131\u011f\u0131n\u0131 g\u00f6ren ikamet sahibi, durumu hemen 112 Acil \u00c7a\u011fr\u0131 Merkezini bildirdi. \u0130hbar \u00fczerine olay yerine itfaiye, polis ve elektrik da\u011f\u0131t\u0131m \u015firketi ekipleri sevk edildi. Eve giren Manisa B\u00fcy\u00fck\u015fehir Belediyesi \u0130tfaiye Daire Ba\u015fkanl\u0131\u011f\u0131na ba\u011fl\u0131 Salihli Amirli\u011fi ekipleri mutfaktaki f\u0131r\u0131nda unutulan yeme\u011fin yand\u0131\u011f\u0131n\u0131 belirledi. \u0130tfaiyenin m\u00fcdahalesiyle yang\u0131n b\u00fcy\u00fcmeden s\u00f6nd\u00fcr\u00fcld\u00fc. Yang\u0131n nedeniyle evde maddi hasar olu\u015ftu.<br \/><\/p>\n","protected":false},"excerpt":{"rendered":"<p>Manisa\u2019n\u0131n Salihli il\u00e7esinde f\u0131r\u0131nda unutulan yemekten ba\u015flayan yang\u0131n itfaiye ekipleri taraf\u0131ndan b\u00fcy\u00fcmeden s\u00f6nd\u00fcr\u00fcld\u00fc. Yang\u0131n, Salihli\u2019de Sa\u011fl\u0131k Mahallesi 193.Sokak\u2019taki bir ikamette meydana geldi. \u0130ddiaya g\u00f6re, f\u0131r\u0131ndan dumanlar ve alevler \u00e7\u0131kt\u0131\u011f\u0131n\u0131 g\u00f6ren ikamet sahibi, durumu hemen 112 Acil \u00c7a\u011fr\u0131 Merkezini bildirdi. \u0130hbar \u00fczerine olay yerine itfaiye, polis ve elektrik da\u011f\u0131t\u0131m \u015firketi ekipleri sevk edildi. Eve giren Manisa&#8230;<\/p>\n","protected":false},"author":1,"featured_media":48180,"comment_status":"open","ping_status":"open","sticky":false,"template":"","format":"standard","meta":{"_crdt_document":"","footnotes":""},"categories":[5],"tags":[],"class_list":["post-48179","post","type-post","status-publish","format-standard","has-post-thumbnail","hentry","category-asayis"],"_links":{"self":[{"href":"https:\/\/www.egemtv.com\/index.php?rest_route=\/wp\/v2\/posts\/48179","targetHints":{"allow":["GET"]}}],"collection":[{"href":"https:\/\/www.egemtv.com\/index.php?rest_route=\/wp\/v2\/posts"}],"about":[{"href":"https:\/\/www.egemtv.com\/index.php?rest_route=\/wp\/v2\/types\/post"}],"author":[{"embeddable":true,"href":"https:\/\/www.egemtv.com\/index.php?rest_route=\/wp\/v2\/users\/1"}],"replies":[{"embeddable":true,"href":"https:\/\/www.egemtv.com\/index.php?rest_route=%2Fwp%2Fv2%2Fcomments&post=48179"}],"version-history":[{"count":1,"href":"https:\/\/www.egemtv.com\/index.php?rest_route=\/wp\/v2\/posts\/48179\/revisions"}],"predecessor-version":[{"id":48181,"href":"https:\/\/www.egemtv.com\/index.php?rest_route=\/wp\/v2\/posts\/48179\/revisions\/48181"}],"wp:featuredmedia":[{"embeddable":true,"href":"https:\/\/www.egemtv.com\/index.php?rest_route=\/wp\/v2\/media\/48180"}],"wp:attachment":[{"href":"https:\/\/www.egemtv.com\/index.php?rest_route=%2Fwp%2Fv2%2Fmedia&parent=48179"}],"wp:term":[{"taxonomy":"category","embeddable":true,"href":"https:\/\/www.egemtv.com\/index.php?rest_route=%2Fwp%2Fv2%2Fcategories&post=48179"},{"taxonomy":"post_tag","embeddable":true,"href":"https:\/\/www.egemtv.com\/index.php?rest_route=%2Fwp%2Fv2%2Ftags&post=48179"}],"curies":[{"name":"wp","href":"https:\/\/api.w.org\/{rel}","templated":true}]}}