{"id":48176,"date":"2025-08-11T17:14:53","date_gmt":"2025-08-11T14:14:53","guid":{"rendered":"https:\/\/www.egemtv.com\/?p=48176"},"modified":"2025-08-11T17:14:53","modified_gmt":"2025-08-11T14:14:53","slug":"uyusturucudan-tutuklanan-sahsin-abisi-ates-puskurdu","status":"publish","type":"post","link":"https:\/\/www.egemtv.com\/?p=48176","title":{"rendered":"Uyu\u015fturucudan tutuklanan \u015fahs\u0131n abisi ate\u015f p\u00fcsk\u00fcrd\u00fc"},"content":{"rendered":"<p>Ayd\u0131n\u2019\u0131n Efeler il\u00e7esinde yap\u0131lan operasyonla uyu\u015fturucu su\u00e7undan tutuklanan \u015f\u00fcpheliye adliye \u00e7\u0131k\u0131\u015f\u0131nda abisi ate\u015f p\u00fcsk\u00fcrd\u00fc. Eli kelep\u00e7eli vaziyette cezaevine g\u00f6t\u00fcr\u00fclen karde\u015finin \u00fczerine y\u00fcr\u00fcyen abiyi polis ekipleri zor zapt etti.<br \/>\n<br \/>Karde\u015fine \u2019bizi d\u00fc\u015f\u00fcrd\u00fc\u011f\u00fcn duruma bak\u2019 diye seslenen abi, &#8220;Git yat cezaevinde akl\u0131n ba\u015f\u0131na gelsin&#8221; diyerek karde\u015fini azarlad\u0131.<br \/>\n<br \/>Ayd\u0131n \u0130l Emniyet M\u00fcd\u00fcrl\u00fc\u011f\u00fc Narkotik Su\u00e7larla M\u00fccadele \u015eube M\u00fcd\u00fcrl\u00fc\u011f\u00fc ekiplerinin uyu\u015fturucu ile m\u00fccadeleye y\u00f6nelik \u00e7al\u0131\u015fmalar\u0131 kapsam\u0131nda, 23 ya\u015f\u0131ndaki S.U. isimli \u015f\u00fcphelinin uyu\u015fturucu ticareti yapt\u0131\u011f\u0131 bilgisine ula\u015ft\u0131. \u015eah\u0131s yap\u0131lan takibin ard\u0131ndan bir gece kul\u00fcb\u00fcnde e\u011flendi\u011fi esnada yap\u0131lan operasyonla yakaland\u0131. \u015e\u00fcphelinin Efeler il\u00e7esi Ovaeymir Mahallesi\u2019ndeki ikametinde yap\u0131lan aramada 150 gram skunk maddesi, 1 adet hassas terazi ve 17 adet fi\u015fek tabir edilen uyu\u015fturucu madde ele ge\u00e7irildi. G\u00f6zalt\u0131na al\u0131nan ve gerekli i\u015flemlerinin ard\u0131ndan adliyeye sevk edilen, \u015f\u00fcpheli S.U. uyu\u015fturucu su\u00e7undan tutuklanarak cezaevine g\u00f6nderildi.<\/p>\n<p>&#8220;Cezaevinde yat da akl\u0131n ba\u015f\u0131na gelsin&#8221;<br \/>\n<br \/>Cezaevine g\u00f6t\u00fcr\u00fclmek i\u00e7in adliyeden \u00e7\u0131kan S.U.\u2019nun abisi, adliye \u00e7\u0131k\u0131\u015f\u0131nda karde\u015fine tepki g\u00f6sterdi. \u015eahs\u0131n uyu\u015fturucu su\u00e7undan tutuklanmas\u0131n ard\u0131ndan gence tepki g\u00f6steren abi, karde\u015finin ailesini k\u00f6t\u00fc duruma d\u00fc\u015f\u00fcrmesine de sinirlenerek, &#8220;Git yat cezaevinde akl\u0131n ba\u015f\u0131na gelsin&#8221; diyerek tepki g\u00f6sterdi. Zaman zaman su\u00e7 i\u015fleyen karde\u015finin \u00fczerine y\u00fcr\u00fcyen E.U. isimli abiyi polisler sakinle\u015ftirmeye \u00e7al\u0131\u015ft\u0131.<br \/><\/p>\n","protected":false},"excerpt":{"rendered":"<p>Ayd\u0131n\u2019\u0131n Efeler il\u00e7esinde yap\u0131lan operasyonla uyu\u015fturucu su\u00e7undan tutuklanan \u015f\u00fcpheliye adliye \u00e7\u0131k\u0131\u015f\u0131nda abisi ate\u015f p\u00fcsk\u00fcrd\u00fc. Eli kelep\u00e7eli vaziyette cezaevine g\u00f6t\u00fcr\u00fclen karde\u015finin \u00fczerine y\u00fcr\u00fcyen abiyi polis ekipleri zor zapt etti. Karde\u015fine \u2019bizi d\u00fc\u015f\u00fcrd\u00fc\u011f\u00fcn duruma bak\u2019 diye seslenen abi, &#8220;Git yat cezaevinde akl\u0131n ba\u015f\u0131na gelsin&#8221; diyerek karde\u015fini azarlad\u0131. Ayd\u0131n \u0130l Emniyet M\u00fcd\u00fcrl\u00fc\u011f\u00fc Narkotik Su\u00e7larla M\u00fccadele \u015eube M\u00fcd\u00fcrl\u00fc\u011f\u00fc ekiplerinin&#8230;<\/p>\n","protected":false},"author":1,"featured_media":48177,"comment_status":"open","ping_status":"open","sticky":false,"template":"","format":"standard","meta":{"_crdt_document":"","footnotes":""},"categories":[5],"tags":[],"class_list":["post-48176","post","type-post","status-publish","format-standard","has-post-thumbnail","hentry","category-asayis"],"_links":{"self":[{"href":"https:\/\/www.egemtv.com\/index.php?rest_route=\/wp\/v2\/posts\/48176","targetHints":{"allow":["GET"]}}],"collection":[{"href":"https:\/\/www.egemtv.com\/index.php?rest_route=\/wp\/v2\/posts"}],"about":[{"href":"https:\/\/www.egemtv.com\/index.php?rest_route=\/wp\/v2\/types\/post"}],"author":[{"embeddable":true,"href":"https:\/\/www.egemtv.com\/index.php?rest_route=\/wp\/v2\/users\/1"}],"replies":[{"embeddable":true,"href":"https:\/\/www.egemtv.com\/index.php?rest_route=%2Fwp%2Fv2%2Fcomments&post=48176"}],"version-history":[{"count":1,"href":"https:\/\/www.egemtv.com\/index.php?rest_route=\/wp\/v2\/posts\/48176\/revisions"}],"predecessor-version":[{"id":48178,"href":"https:\/\/www.egemtv.com\/index.php?rest_route=\/wp\/v2\/posts\/48176\/revisions\/48178"}],"wp:featuredmedia":[{"embeddable":true,"href":"https:\/\/www.egemtv.com\/index.php?rest_route=\/wp\/v2\/media\/48177"}],"wp:attachment":[{"href":"https:\/\/www.egemtv.com\/index.php?rest_route=%2Fwp%2Fv2%2Fmedia&parent=48176"}],"wp:term":[{"taxonomy":"category","embeddable":true,"href":"https:\/\/www.egemtv.com\/index.php?rest_route=%2Fwp%2Fv2%2Fcategories&post=48176"},{"taxonomy":"post_tag","embeddable":true,"href":"https:\/\/www.egemtv.com\/index.php?rest_route=%2Fwp%2Fv2%2Ftags&post=48176"}],"curies":[{"name":"wp","href":"https:\/\/api.w.org\/{rel}","templated":true}]}}