{"id":48173,"date":"2025-08-11T16:55:07","date_gmt":"2025-08-11T13:55:07","guid":{"rendered":"https:\/\/www.egemtv.com\/?p=48173"},"modified":"2025-08-11T16:55:08","modified_gmt":"2025-08-11T13:55:08","slug":"muglali-sporcu-aydinli-turkiye-sampiyonu-oldu","status":"publish","type":"post","link":"https:\/\/www.egemtv.com\/?p=48173","title":{"rendered":"Mu\u011flal\u0131 sporcu Ayd\u0131nl\u0131 T\u00fcrkiye \u015fampiyonu oldu"},"content":{"rendered":"<p>Mu\u011flal\u0131 sporcu Mustafa Alperen Ayd\u0131nl\u0131, Karaman\u2019da d\u00fczenlenen T\u00fcrkiye Kupas\u0131 6. Etap Bisiklet Yol Yar\u0131\u015f\u0131\u2019nda U19 Gen\u00e7ler kategorisinde T\u00fcrkiye \u015fampiyonlu\u011funu elde etti.<\/p>\n<p>Ge\u00e7ti\u011fimiz ay Samsun\u2019da yap\u0131lan T\u00fcrkiye \u015eampiyonas\u0131\u2019nda \u00fc\u00e7\u00fcnc\u00fcl\u00fck k\u00fcrs\u00fcs\u00fcne \u00e7\u0131kan Ayd\u0131nl\u0131, k\u0131sa s\u00fcre i\u00e7inde bir \u00fcst ba\u015far\u0131ya imza atarak bisiklet sporundaki y\u00fckseli\u015fini s\u00fcrd\u00fcrd\u00fc. Karaman\u2019daki yar\u0131\u015fta ba\u015ftan sona etkili bir performans sergileyen gen\u00e7 sporcu, zorlu parkuru en k\u0131sa s\u00fcrede tamamlayarak rakiplerini geride b\u0131rakt\u0131. T\u00fcrkiye Kupas\u0131 6. Etap Bisiklet Yol Yar\u0131\u015f\u0131 U19 Gen\u00e7ler kategorisinde T\u00fcrkiye birincisi olan Mustafa Alperen Ayd\u0131nl\u0131 ald\u0131\u011f\u0131 bu derece ile T\u00fcrkiye bisiklet camias\u0131nda gelecek vadeden gen\u00e7 sporcular aras\u0131nda konumunu g\u00fc\u00e7lendirdi.<br \/><\/p>\n","protected":false},"excerpt":{"rendered":"<p>Mu\u011flal\u0131 sporcu Mustafa Alperen Ayd\u0131nl\u0131, Karaman\u2019da d\u00fczenlenen T\u00fcrkiye Kupas\u0131 6. Etap Bisiklet Yol Yar\u0131\u015f\u0131\u2019nda U19 Gen\u00e7ler kategorisinde T\u00fcrkiye \u015fampiyonlu\u011funu elde etti. Ge\u00e7ti\u011fimiz ay Samsun\u2019da yap\u0131lan T\u00fcrkiye \u015eampiyonas\u0131\u2019nda \u00fc\u00e7\u00fcnc\u00fcl\u00fck k\u00fcrs\u00fcs\u00fcne \u00e7\u0131kan Ayd\u0131nl\u0131, k\u0131sa s\u00fcre i\u00e7inde bir \u00fcst ba\u015far\u0131ya imza atarak bisiklet sporundaki y\u00fckseli\u015fini s\u00fcrd\u00fcrd\u00fc. Karaman\u2019daki yar\u0131\u015fta ba\u015ftan sona etkili bir performans sergileyen gen\u00e7 sporcu, zorlu parkuru&#8230;<\/p>\n","protected":false},"author":1,"featured_media":48174,"comment_status":"open","ping_status":"open","sticky":false,"template":"","format":"standard","meta":{"_crdt_document":"","footnotes":""},"categories":[4],"tags":[],"class_list":["post-48173","post","type-post","status-publish","format-standard","has-post-thumbnail","hentry","category-spor"],"_links":{"self":[{"href":"https:\/\/www.egemtv.com\/index.php?rest_route=\/wp\/v2\/posts\/48173","targetHints":{"allow":["GET"]}}],"collection":[{"href":"https:\/\/www.egemtv.com\/index.php?rest_route=\/wp\/v2\/posts"}],"about":[{"href":"https:\/\/www.egemtv.com\/index.php?rest_route=\/wp\/v2\/types\/post"}],"author":[{"embeddable":true,"href":"https:\/\/www.egemtv.com\/index.php?rest_route=\/wp\/v2\/users\/1"}],"replies":[{"embeddable":true,"href":"https:\/\/www.egemtv.com\/index.php?rest_route=%2Fwp%2Fv2%2Fcomments&post=48173"}],"version-history":[{"count":1,"href":"https:\/\/www.egemtv.com\/index.php?rest_route=\/wp\/v2\/posts\/48173\/revisions"}],"predecessor-version":[{"id":48175,"href":"https:\/\/www.egemtv.com\/index.php?rest_route=\/wp\/v2\/posts\/48173\/revisions\/48175"}],"wp:featuredmedia":[{"embeddable":true,"href":"https:\/\/www.egemtv.com\/index.php?rest_route=\/wp\/v2\/media\/48174"}],"wp:attachment":[{"href":"https:\/\/www.egemtv.com\/index.php?rest_route=%2Fwp%2Fv2%2Fmedia&parent=48173"}],"wp:term":[{"taxonomy":"category","embeddable":true,"href":"https:\/\/www.egemtv.com\/index.php?rest_route=%2Fwp%2Fv2%2Fcategories&post=48173"},{"taxonomy":"post_tag","embeddable":true,"href":"https:\/\/www.egemtv.com\/index.php?rest_route=%2Fwp%2Fv2%2Ftags&post=48173"}],"curies":[{"name":"wp","href":"https:\/\/api.w.org\/{rel}","templated":true}]}}