{"id":48170,"date":"2025-08-11T16:55:06","date_gmt":"2025-08-11T13:55:06","guid":{"rendered":"https:\/\/www.egemtv.com\/?p=48170"},"modified":"2025-08-11T16:55:07","modified_gmt":"2025-08-11T13:55:07","slug":"baskan-cercioglu-kirsal-mahallelerde-yol-yenileme-calismalarini-surduruyor","status":"publish","type":"post","link":"https:\/\/www.egemtv.com\/?p=48170","title":{"rendered":"Ba\u015fkan \u00c7er\u00e7io\u011flu k\u0131rsal mahallelerde yol yenileme \u00e7al\u0131\u015fmalar\u0131n\u0131 s\u00fcrd\u00fcr\u00fcyor"},"content":{"rendered":"<p>Ayd\u0131n B\u00fcy\u00fck\u015fehir Belediyesi, hem \u015fehir merkezinde hem de k\u0131rsalda ula\u015f\u0131m\u0131 g\u00fc\u00e7lendiren yat\u0131r\u0131mlar\u0131na h\u0131z kesmeden devam ediyor. B\u00fcy\u00fck\u015fehir Belediyesi, Karacasu il\u00e7esinin Tepecik ile Binge\u00e7 Mahalleleri aras\u0131nda ula\u015f\u0131m\u0131 sa\u011flayan yolda yenileme \u00e7al\u0131\u015fmalar\u0131 ba\u015flatt\u0131.<\/p>\n<p>Fen \u0130\u015fleri Dairesi Ba\u015fkanl\u0131\u011f\u0131 ekipleri, yolun zeminini g\u00fc\u00e7lendirip sathi kaplama yaparak ula\u015f\u0131m\u0131 hem daha g\u00fcvenli hem de daha konforlu hale getirecek. B\u00fcy\u00fck\u015fehir Belediyesi taraf\u0131ndan hayata ge\u00e7irilen \u00e7al\u0131\u015fmalar\u0131n s\u00fcrd\u00fcr\u00fclece\u011fini belirten Ayd\u0131n B\u00fcy\u00fck\u015fehir Belediye Ba\u015fkan\u0131 \u00d6zlem \u00c7er\u00e7io\u011flu, &#8220;Hem \u00fcreticilerimiz hem de vatanda\u015flar\u0131m\u0131z i\u00e7in \u00e7al\u0131\u015fmalar\u0131m\u0131z\u0131 s\u00fcrd\u00fcr\u00fcyor, hem\u015fehrilerimizi hizmetlerimiz ile bulu\u015fturuyoruz. 17 il\u00e7emizin tamam\u0131nda yat\u0131r\u0131mlar\u0131m\u0131z devam edecek&#8221; dedi. Mahalle sakinleri yap\u0131lan hizmetlerden duyduklar\u0131 memnuniyeti dile getirerek Ba\u015fkan \u00c7er\u00e7io\u011flu\u2019na te\u015fekk\u00fcr etti.<br \/><\/p>\n","protected":false},"excerpt":{"rendered":"<p>Ayd\u0131n B\u00fcy\u00fck\u015fehir Belediyesi, hem \u015fehir merkezinde hem de k\u0131rsalda ula\u015f\u0131m\u0131 g\u00fc\u00e7lendiren yat\u0131r\u0131mlar\u0131na h\u0131z kesmeden devam ediyor. B\u00fcy\u00fck\u015fehir Belediyesi, Karacasu il\u00e7esinin Tepecik ile Binge\u00e7 Mahalleleri aras\u0131nda ula\u015f\u0131m\u0131 sa\u011flayan yolda yenileme \u00e7al\u0131\u015fmalar\u0131 ba\u015flatt\u0131. Fen \u0130\u015fleri Dairesi Ba\u015fkanl\u0131\u011f\u0131 ekipleri, yolun zeminini g\u00fc\u00e7lendirip sathi kaplama yaparak ula\u015f\u0131m\u0131 hem daha g\u00fcvenli hem de daha konforlu hale getirecek. B\u00fcy\u00fck\u015fehir Belediyesi taraf\u0131ndan&#8230;<\/p>\n","protected":false},"author":1,"featured_media":48171,"comment_status":"open","ping_status":"open","sticky":false,"template":"","format":"standard","meta":{"_crdt_document":"","footnotes":""},"categories":[1],"tags":[],"class_list":["post-48170","post","type-post","status-publish","format-standard","has-post-thumbnail","hentry","category-guncel"],"_links":{"self":[{"href":"https:\/\/www.egemtv.com\/index.php?rest_route=\/wp\/v2\/posts\/48170","targetHints":{"allow":["GET"]}}],"collection":[{"href":"https:\/\/www.egemtv.com\/index.php?rest_route=\/wp\/v2\/posts"}],"about":[{"href":"https:\/\/www.egemtv.com\/index.php?rest_route=\/wp\/v2\/types\/post"}],"author":[{"embeddable":true,"href":"https:\/\/www.egemtv.com\/index.php?rest_route=\/wp\/v2\/users\/1"}],"replies":[{"embeddable":true,"href":"https:\/\/www.egemtv.com\/index.php?rest_route=%2Fwp%2Fv2%2Fcomments&post=48170"}],"version-history":[{"count":1,"href":"https:\/\/www.egemtv.com\/index.php?rest_route=\/wp\/v2\/posts\/48170\/revisions"}],"predecessor-version":[{"id":48172,"href":"https:\/\/www.egemtv.com\/index.php?rest_route=\/wp\/v2\/posts\/48170\/revisions\/48172"}],"wp:featuredmedia":[{"embeddable":true,"href":"https:\/\/www.egemtv.com\/index.php?rest_route=\/wp\/v2\/media\/48171"}],"wp:attachment":[{"href":"https:\/\/www.egemtv.com\/index.php?rest_route=%2Fwp%2Fv2%2Fmedia&parent=48170"}],"wp:term":[{"taxonomy":"category","embeddable":true,"href":"https:\/\/www.egemtv.com\/index.php?rest_route=%2Fwp%2Fv2%2Fcategories&post=48170"},{"taxonomy":"post_tag","embeddable":true,"href":"https:\/\/www.egemtv.com\/index.php?rest_route=%2Fwp%2Fv2%2Ftags&post=48170"}],"curies":[{"name":"wp","href":"https:\/\/api.w.org\/{rel}","templated":true}]}}