{"id":48167,"date":"2025-08-11T16:34:58","date_gmt":"2025-08-11T13:34:58","guid":{"rendered":"https:\/\/www.egemtv.com\/?p=48167"},"modified":"2025-08-11T16:34:59","modified_gmt":"2025-08-11T13:34:59","slug":"dto-baskani-erdogan-emek-yogun-sektorlerimize-ek-destekler-saglanmalidir","status":"publish","type":"post","link":"https:\/\/www.egemtv.com\/?p=48167","title":{"rendered":"DTO Ba\u015fkan\u0131 Erdo\u011fan, &#8220;Emek yo\u011fun sekt\u00f6rlerimize, ek destekler sa\u011flanmal\u0131d\u0131r&#8221;"},"content":{"rendered":"<p>Denizli Ticaret Odas\u0131 (DTO) Meclisi\u2019nin, A\u011fustos ay\u0131 ola\u011fan toplant\u0131s\u0131 yap\u0131ld\u0131. DTO Ba\u015fkan\u0131 U\u011fur Erdo\u011fan, meclis \u00fcyelerini, sosyoekonomik geli\u015fmeler ve odadaki faaliyetleriyle ilgili ayr\u0131nt\u0131l\u0131 bilgilendirdi. G\u00fcncel veriler do\u011frultusunda de\u011ferlendirmelerde de bulunan Ba\u015fkan Erdo\u011fan, finansmana eri\u015fimin kolayla\u015ft\u0131r\u0131lmas\u0131 gerekti\u011fine i\u015faret etti.<br \/>\n<br \/>DTO\u2019nun ayl\u0131k ola\u011fan meclis toplant\u0131s\u0131, Meclis Ba\u015fkan\u0131 Salih Sar\u0131kaya\u2019n\u0131n idaresinde odan\u0131n hizmet binas\u0131ndaki meclis salonunda ger\u00e7ekle\u015ftirildi. DTO Y\u00f6netim Kurulu Ba\u015fkan\u0131 U\u011fur Erdo\u011fan, meclis g\u00fcndeminin g\u00f6r\u00fc\u015f\u00fcl\u00fcp onaylanmas\u0131n\u0131n sonras\u0131nda k\u00fcrs\u00fcden meclis \u00fcyelerine seslendi; i\u015f d\u00fcnyas\u0131n\u0131 ilgilendiren ekonomik geli\u015fmeler ve odan\u0131n hizmetlerine dair \u00f6nemli a\u00e7\u0131klamalarda bulundu.<br \/>\n<br \/>Ticari kredilerdeki b\u00fcy\u00fcme s\u0131n\u0131r\u0131 kald\u0131r\u0131lmal\u0131d\u0131r<br \/>\n<br \/>DTO Ba\u015fkan\u0131 U\u011fur Erdo\u011fan, \u00fcretimi \u00f6zelikle de imalat\u00e7\u0131 sanayi ile yat\u0131r\u0131m\u0131, ihracat\u0131 ve Denizli\u2019deki lokomotif sekt\u00f6rleri te\u015fvik edici rahatlat\u0131c\u0131 bir kredi politikas\u0131n\u0131n uygulanmas\u0131 gerekti\u011fine dikkat \u00e7ekti. Ba\u015fkan Erdo\u011fan, &#8220;Ayl\u0131k b\u00fcy\u00fcme s\u0131n\u0131r\u0131 oran\u0131, TL kredilerde KOB\u0130\u2019ler i\u00e7in y\u00fczde 2,5, KOB\u0130 harici firmalara y\u00f6nelik ticari kredilerde y\u00fczde 1,5, yabanc\u0131 para ticari kredilerde ise y\u00fczde 0,5 olarak uygulan\u0131yor. Firmalar\u0131m\u0131z\u0131n bankalarda limiti bulunmas\u0131na ra\u011fmen, \u00f6demeleri i\u00e7in banka finansman\u0131 kullanmak istediklerinde \u00f6rne\u011fin maa\u015f, \u00e7ek, SGK, vergi ya da piyasaya y\u00f6nelik ihtiya\u00e7lar\u0131nda, bu uygulama nedeniyle kredi alam\u0131yorlar. S\u0131k\u0131 para politikas\u0131ndan kaynaklanan bu durum nedeniyle, firmalar\u0131m\u0131z \u00f6demelerinde ciddi zorluklar ya\u015f\u0131yorlar. Piyasadaki talebi azaltmak ve pahal\u0131l\u0131\u011f\u0131 \u00f6nlemek i\u00e7in t\u00fcketimi k\u0131s\u0131c\u0131 kredi politikas\u0131na devam edilirken di\u011fer taraftan da \u00fcretimi, \u00f6zelikle de imalat sanayini, yat\u0131r\u0131m\u0131, ihracat\u0131 ve lokomotif sekt\u00f6rlerimizi te\u015fvik edici rahatlat\u0131c\u0131 bir kredi politikas\u0131n\u0131n uygulanmas\u0131 gerekmektedir. Kredi taban\u0131, her ay enflasyon a\u00e7\u0131kland\u0131ktan sonra geni\u015fletilmelidir. Bankalar\u0131n kredi limitlerini art\u0131rmalar\u0131na da m\u00fcsaade edilmelidir; ticari kredi kartlar\u0131na y\u00f6nelik k\u0131s\u0131tlamalar da kald\u0131r\u0131lmal\u0131d\u0131r&#8221; dedi.<br \/>\n<br \/>K\u0131sa \u00e7al\u0131\u015fma \u00f6dene\u011fi, yeniden devreye al\u0131nmal\u0131d\u0131r<br \/>\n<br \/>Firmalar\u0131n ve istihdam\u0131n korunabilmesi i\u00e7in devletin finansal deste\u011finin \u00f6nemli oldu\u011funu da vurgulayan Ba\u015fkan Erdo\u011fan, &#8220;Firmalar\u0131m\u0131z, ayn\u0131 zamanda \u00fclkemizin milli serveti&#8230; \u00dclke olarak daha da b\u00fcy\u00fcmek istiyorsak \u00fcretim, yat\u0131r\u0131m, istihdam ve ihracat kapasitemizi korumal\u0131y\u0131z. Bunun i\u00e7in de tekstil, konfeksiyon, havlu, bornoz, nevresim ve haz\u0131r giyim gibi emek yo\u011fun sekt\u00f6rlere ek destekler verilmeli. Pandemi d\u00f6neminde oldu\u011fu gibi kolayla\u015ft\u0131r\u0131lm\u0131\u015f k\u0131sa \u00e7al\u0131\u015fma \u00f6dene\u011fi yeniden devreye al\u0131nabilir, \u00fcyelerimizin beklentisi de bu y\u00f6ndedir&#8221; diye konu\u015ftu.<br \/>\n<br \/>KOB\u0130\u2019lerimiz ba\u015fta olmak \u00fczere \u00fcyelerimizin finansmana eri\u015fimi kolayla\u015ft\u0131r\u0131lmal\u0131d\u0131r<br \/>\n<br \/>Firmalar\u0131n finansmana eri\u015fimini kolayla\u015ft\u0131r\u0131p h\u0131zland\u0131racak ad\u0131mlar at\u0131lmas\u0131n\u0131n da elzem oldu\u011funu dile getiren Ba\u015fkan Erdo\u011fan, &#8220;KOB\u0130\u2019ler \u00f6ncelikli olmak \u00fczere reel sekt\u00f6r\u00fcn finansmana eri\u015fimini de kolayla\u015ft\u0131rmal\u0131y\u0131z. Bir s\u00fcredir ya\u015fanan y\u00fcksek enflasyon ve beraberinde zaruri olarak izlenen y\u00fcksek faiz politikas\u0131, finansmana eri\u015fimi g\u00fc\u00e7le\u015ftirdi&#8230; Gerek ihracat\u00e7\u0131lar\u0131m\u0131z\u0131 gerekse yeni yat\u0131r\u0131m yapacak \u00fcyelerimizi de zorlad\u0131. Onun i\u00e7in ge\u00e7en ay ba\u015flat\u0131lan enflasyondaki d\u00fc\u015f\u00fc\u015fe paralel izlenen faiz indirimi politikas\u0131, bundan sonraki her para kurulu toplant\u0131s\u0131nda devam ettirilmelidir. \u0130ndirimlerin uygulanmas\u0131 da takip edilmelidir. Ayr\u0131ca, d\u00f6viz kurunun sekt\u00f6rlerimiz ve ihracat\u00e7\u0131lar\u0131m\u0131z \u00fczerinde olu\u015fturdu\u011fu bask\u0131 da bir an \u00f6nce kald\u0131r\u0131lmal\u0131d\u0131r&#8221; dedi.<br \/>\n<br \/>Uygun faiz ve vadede, kgf garantili kredi deste\u011fi istiyoruz<br \/>\n<br \/>KGF kredilerinde de uygun vade ve faiz oran\u0131 sa\u011flanmas\u0131n\u0131n t\u00fcm sekt\u00f6rleri rahatlataca\u011f\u0131na inand\u0131klar\u0131n\u0131 ifade eden Ba\u015fkan Erdo\u011fan, &#8220;\u00dcretici \u00fcyelerimize sadece \u00fcretimde kullanmak \u015fart\u0131yla y\u00fczde 35 faiz oran\u0131 ile KGF garantili kredi deste\u011fi sa\u011flanmal\u0131d\u0131r. Yoksa \u015fu anki \u015fartlar alt\u0131nda \u00fcreticimizin i\u015f\u00e7i \u00e7\u0131karmadan \u00e7ark\u0131 d\u00f6nd\u00fcrmesi \u00e7ok zor&#8221; uyar\u0131s\u0131nda bulundu.<br \/>\n<br \/>D\u00f6viz d\u00f6n\u00fc\u015f\u00fcm deste\u011fi, y\u00fczde 5\u2019e y\u00fckseltilmelidir<br \/>\n<br \/>D\u00f6viz d\u00f6n\u00fc\u015f\u00fcm deste\u011finin yeniden \u015fekillendirilmesi gerekti\u011fini de savunan Ba\u015fkan Erdo\u011fan, &#8220;K\u00fcresel boyutta ya\u015fanan ekonomik dalgalanmalar ile b\u00f6lgemizdeki sava\u015flar gibi piyasalar\u0131 ve i\u015f d\u00fcnyas\u0131n\u0131 zorlay\u0131c\u0131 co\u011frafi riskler ile baz\u0131 sebepler var O nedenle, halihaz\u0131rdaki d\u00f6viz d\u00f6n\u00fc\u015f\u00fcm deste\u011finin 31.12.2025\u2019e kadar yine bakanl\u0131k\u00e7a belirlenecek stratejik sekt\u00f6rlere y\u00fczde 3 de\u011fil y\u00fczde 5 olarak uygulanmas\u0131, sekt\u00f6rlerimizi bu konuda rahatlatacakt\u0131r. Bu t\u00fcrde bir geli\u015fme, \u00fcyelerimizin beklentilerini de kar\u015f\u0131lama y\u00f6n\u00fcnde bizim \u00f6ncelikli \u00f6nerilerimizden biridir&#8221; diye konu\u015ftu.<br \/><\/p>\n","protected":false},"excerpt":{"rendered":"<p>Denizli Ticaret Odas\u0131 (DTO) Meclisi\u2019nin, A\u011fustos ay\u0131 ola\u011fan toplant\u0131s\u0131 yap\u0131ld\u0131. DTO Ba\u015fkan\u0131 U\u011fur Erdo\u011fan, meclis \u00fcyelerini, sosyoekonomik geli\u015fmeler ve odadaki faaliyetleriyle ilgili ayr\u0131nt\u0131l\u0131 bilgilendirdi. G\u00fcncel veriler do\u011frultusunda de\u011ferlendirmelerde de bulunan Ba\u015fkan Erdo\u011fan, finansmana eri\u015fimin kolayla\u015ft\u0131r\u0131lmas\u0131 gerekti\u011fine i\u015faret etti. DTO\u2019nun ayl\u0131k ola\u011fan meclis toplant\u0131s\u0131, Meclis Ba\u015fkan\u0131 Salih Sar\u0131kaya\u2019n\u0131n idaresinde odan\u0131n hizmet binas\u0131ndaki meclis salonunda ger\u00e7ekle\u015ftirildi. DTO&#8230;<\/p>\n","protected":false},"author":1,"featured_media":48168,"comment_status":"open","ping_status":"open","sticky":false,"template":"","format":"standard","meta":{"_crdt_document":"","footnotes":""},"categories":[125],"tags":[],"class_list":["post-48167","post","type-post","status-publish","format-standard","has-post-thumbnail","hentry","category-ekonomi"],"_links":{"self":[{"href":"https:\/\/www.egemtv.com\/index.php?rest_route=\/wp\/v2\/posts\/48167","targetHints":{"allow":["GET"]}}],"collection":[{"href":"https:\/\/www.egemtv.com\/index.php?rest_route=\/wp\/v2\/posts"}],"about":[{"href":"https:\/\/www.egemtv.com\/index.php?rest_route=\/wp\/v2\/types\/post"}],"author":[{"embeddable":true,"href":"https:\/\/www.egemtv.com\/index.php?rest_route=\/wp\/v2\/users\/1"}],"replies":[{"embeddable":true,"href":"https:\/\/www.egemtv.com\/index.php?rest_route=%2Fwp%2Fv2%2Fcomments&post=48167"}],"version-history":[{"count":1,"href":"https:\/\/www.egemtv.com\/index.php?rest_route=\/wp\/v2\/posts\/48167\/revisions"}],"predecessor-version":[{"id":48169,"href":"https:\/\/www.egemtv.com\/index.php?rest_route=\/wp\/v2\/posts\/48167\/revisions\/48169"}],"wp:featuredmedia":[{"embeddable":true,"href":"https:\/\/www.egemtv.com\/index.php?rest_route=\/wp\/v2\/media\/48168"}],"wp:attachment":[{"href":"https:\/\/www.egemtv.com\/index.php?rest_route=%2Fwp%2Fv2%2Fmedia&parent=48167"}],"wp:term":[{"taxonomy":"category","embeddable":true,"href":"https:\/\/www.egemtv.com\/index.php?rest_route=%2Fwp%2Fv2%2Fcategories&post=48167"},{"taxonomy":"post_tag","embeddable":true,"href":"https:\/\/www.egemtv.com\/index.php?rest_route=%2Fwp%2Fv2%2Ftags&post=48167"}],"curies":[{"name":"wp","href":"https:\/\/api.w.org\/{rel}","templated":true}]}}