{"id":48161,"date":"2025-08-11T16:34:56","date_gmt":"2025-08-11T13:34:56","guid":{"rendered":"https:\/\/www.egemtv.com\/?p=48161"},"modified":"2025-08-11T16:34:57","modified_gmt":"2025-08-11T13:34:57","slug":"usakta-tarimsal-zararlilarla-mucadele-calismasi","status":"publish","type":"post","link":"https:\/\/www.egemtv.com\/?p=48161","title":{"rendered":"U\u015fak\u2019ta tar\u0131msal zararl\u0131larla m\u00fccadele \u00e7al\u0131\u015fmas\u0131"},"content":{"rendered":"<p>U\u015fak \u0130l Tar\u0131m ve Orman M\u00fcd\u00fcrl\u00fc\u011f\u00fc ekipleri, Demir\u00f6ren k\u00f6y\u00fcnde tar\u0131msal zararl\u0131larla m\u00fccadele kapsam\u0131nda saha \u00e7al\u0131\u015fmas\u0131 yapt\u0131.<br \/>\n<br \/>U\u015fak \u0130l Tar\u0131m ve Orman M\u00fcd\u00fcrl\u00fc\u011f\u00fc\u2019ne ba\u011fl\u0131 Bitkisel \u00dcretim ve Bitki Sa\u011fl\u0131\u011f\u0131 \u015eube M\u00fcd\u00fcrl\u00fc\u011f\u00fc personeli ile stajyer \u00f6\u011frencilerin kat\u0131ld\u0131\u011f\u0131 \u00e7al\u0131\u015fmalarda, tar\u0131msal \u00fcretimi tehdit eden Akdeniz meyve sine\u011fi, kahverengi kokarca ve elma i\u00e7 kurduna kar\u015f\u0131 b\u00f6lgede yerle\u015ftirilen feromon tuzaklar\u0131n\u0131n kontrolleri ger\u00e7ekle\u015ftirildi. Tuzaklar\u0131n i\u015flevselli\u011fi, etkinlik d\u00fczeyi ve zararl\u0131 pop\u00fclasyonlar\u0131 incelenerek kay\u0131t alt\u0131na al\u0131nd\u0131.<br \/>\n<br \/>\u00c7al\u0131\u015fmalar kapsam\u0131nda \u00fcreticiler bilgilendirilirken, stajyer \u00f6\u011frencilere zararl\u0131larla m\u00fccadele y\u00f6ntemleri ve tarla g\u00f6zlem teknikleri konusunda uygulamal\u0131 e\u011fitim verildi.<br \/><\/p>\n","protected":false},"excerpt":{"rendered":"<p>U\u015fak \u0130l Tar\u0131m ve Orman M\u00fcd\u00fcrl\u00fc\u011f\u00fc ekipleri, Demir\u00f6ren k\u00f6y\u00fcnde tar\u0131msal zararl\u0131larla m\u00fccadele kapsam\u0131nda saha \u00e7al\u0131\u015fmas\u0131 yapt\u0131. U\u015fak \u0130l Tar\u0131m ve Orman M\u00fcd\u00fcrl\u00fc\u011f\u00fc\u2019ne ba\u011fl\u0131 Bitkisel \u00dcretim ve Bitki Sa\u011fl\u0131\u011f\u0131 \u015eube M\u00fcd\u00fcrl\u00fc\u011f\u00fc personeli ile stajyer \u00f6\u011frencilerin kat\u0131ld\u0131\u011f\u0131 \u00e7al\u0131\u015fmalarda, tar\u0131msal \u00fcretimi tehdit eden Akdeniz meyve sine\u011fi, kahverengi kokarca ve elma i\u00e7 kurduna kar\u015f\u0131 b\u00f6lgede yerle\u015ftirilen feromon tuzaklar\u0131n\u0131n kontrolleri&#8230;<\/p>\n","protected":false},"author":1,"featured_media":48162,"comment_status":"open","ping_status":"open","sticky":false,"template":"","format":"standard","meta":{"_crdt_document":"","footnotes":""},"categories":[1],"tags":[],"class_list":["post-48161","post","type-post","status-publish","format-standard","has-post-thumbnail","hentry","category-guncel"],"_links":{"self":[{"href":"https:\/\/www.egemtv.com\/index.php?rest_route=\/wp\/v2\/posts\/48161","targetHints":{"allow":["GET"]}}],"collection":[{"href":"https:\/\/www.egemtv.com\/index.php?rest_route=\/wp\/v2\/posts"}],"about":[{"href":"https:\/\/www.egemtv.com\/index.php?rest_route=\/wp\/v2\/types\/post"}],"author":[{"embeddable":true,"href":"https:\/\/www.egemtv.com\/index.php?rest_route=\/wp\/v2\/users\/1"}],"replies":[{"embeddable":true,"href":"https:\/\/www.egemtv.com\/index.php?rest_route=%2Fwp%2Fv2%2Fcomments&post=48161"}],"version-history":[{"count":1,"href":"https:\/\/www.egemtv.com\/index.php?rest_route=\/wp\/v2\/posts\/48161\/revisions"}],"predecessor-version":[{"id":48163,"href":"https:\/\/www.egemtv.com\/index.php?rest_route=\/wp\/v2\/posts\/48161\/revisions\/48163"}],"wp:featuredmedia":[{"embeddable":true,"href":"https:\/\/www.egemtv.com\/index.php?rest_route=\/wp\/v2\/media\/48162"}],"wp:attachment":[{"href":"https:\/\/www.egemtv.com\/index.php?rest_route=%2Fwp%2Fv2%2Fmedia&parent=48161"}],"wp:term":[{"taxonomy":"category","embeddable":true,"href":"https:\/\/www.egemtv.com\/index.php?rest_route=%2Fwp%2Fv2%2Fcategories&post=48161"},{"taxonomy":"post_tag","embeddable":true,"href":"https:\/\/www.egemtv.com\/index.php?rest_route=%2Fwp%2Fv2%2Ftags&post=48161"}],"curies":[{"name":"wp","href":"https:\/\/api.w.org\/{rel}","templated":true}]}}