{"id":48158,"date":"2025-08-11T16:34:55","date_gmt":"2025-08-11T13:34:55","guid":{"rendered":"https:\/\/www.egemtv.com\/?p=48158"},"modified":"2025-08-11T16:34:56","modified_gmt":"2025-08-11T13:34:56","slug":"usakta-ciftciler-dinlendi","status":"publish","type":"post","link":"https:\/\/www.egemtv.com\/?p=48158","title":{"rendered":"U\u015fak\u2019ta \u00e7ift\u00e7iler dinlendi"},"content":{"rendered":"<p>U\u015fak \u0130l Tar\u0131m ve Orman M\u00fcd\u00fcrl\u00fc\u011f\u00fc\u2019nce, \u00e7ift\u00e7ilerle bir araya gelerek Tar\u0131m ve Orman Bakanl\u0131\u011f\u0131\u2019n\u0131n yeni destekleme modelini tan\u0131t\u0131ld\u0131.<br \/>\n<br \/>Tar\u0131m Say\u0131m\u0131 \u00c7al\u0131\u015fmalar\u0131 kapsam\u0131nda ve Tar\u0131m ve Orman Bakanl\u0131\u011f\u0131\u2019n\u0131n yeni destekleme modelini tan\u0131tmak amac\u0131yla U\u015fak \u0130l Tar\u0131m ve Orman M\u00fcd\u00fcr\u2019\u00fc Serkan Bilir, \u015fube m\u00fcd\u00fcrleri ve m\u00fcd\u00fcrl\u00fck personelleri \u00e7ift\u00e7ilerle bir araya geldi. Ger\u00e7ekle\u015ftirilen bulu\u015fmalarda \u00e7ift\u00e7ilerin sorunlar\u0131 dinlendi, \u00e7\u00f6z\u00fcm \u00f6nerileri sunuldu ve kar\u015f\u0131l\u0131kl\u0131 fikir al\u0131\u015fveri\u015finde bulunuldu. Yetkililer, tar\u0131mda verimlili\u011fi art\u0131rmak ve s\u00fcrd\u00fcr\u00fclebilir \u00fcretimi desteklemek i\u00e7in \u00e7al\u0131\u015fmalar\u0131n s\u00fcrece\u011fini belirtti.<br \/>\n<br \/>\u0130l Tar\u0131m ve Orman M\u00fcd\u00fcrl\u00fc\u011f\u00fc sosyal medya hesaplar\u0131ndan yap\u0131lan payla\u015f\u0131mda ise; &#8220;\u00c7ift\u00e7imizin sesi, \u00f6nceli\u011fimiz! Tar\u0131mda verimlili\u011fi art\u0131rmak ve s\u00fcrd\u00fcr\u00fclebilir \u00fcretimi desteklemek i\u00e7in hep birlikte \u00e7al\u0131\u015f\u0131yoruz. Kat\u0131l\u0131m\u0131 sa\u011flayan t\u00fcm \u00fcr\u00fcnlerimize te\u015fekk\u00fcr ederiz.&#8221; ifadeleri kullan\u0131ld\u0131.<br \/><\/p>\n","protected":false},"excerpt":{"rendered":"<p>U\u015fak \u0130l Tar\u0131m ve Orman M\u00fcd\u00fcrl\u00fc\u011f\u00fc\u2019nce, \u00e7ift\u00e7ilerle bir araya gelerek Tar\u0131m ve Orman Bakanl\u0131\u011f\u0131\u2019n\u0131n yeni destekleme modelini tan\u0131t\u0131ld\u0131. Tar\u0131m Say\u0131m\u0131 \u00c7al\u0131\u015fmalar\u0131 kapsam\u0131nda ve Tar\u0131m ve Orman Bakanl\u0131\u011f\u0131\u2019n\u0131n yeni destekleme modelini tan\u0131tmak amac\u0131yla U\u015fak \u0130l Tar\u0131m ve Orman M\u00fcd\u00fcr\u2019\u00fc Serkan Bilir, \u015fube m\u00fcd\u00fcrleri ve m\u00fcd\u00fcrl\u00fck personelleri \u00e7ift\u00e7ilerle bir araya geldi. Ger\u00e7ekle\u015ftirilen bulu\u015fmalarda \u00e7ift\u00e7ilerin sorunlar\u0131 dinlendi, \u00e7\u00f6z\u00fcm&#8230;<\/p>\n","protected":false},"author":1,"featured_media":48159,"comment_status":"open","ping_status":"open","sticky":false,"template":"","format":"standard","meta":{"_crdt_document":"","footnotes":""},"categories":[1],"tags":[],"class_list":["post-48158","post","type-post","status-publish","format-standard","has-post-thumbnail","hentry","category-guncel"],"_links":{"self":[{"href":"https:\/\/www.egemtv.com\/index.php?rest_route=\/wp\/v2\/posts\/48158","targetHints":{"allow":["GET"]}}],"collection":[{"href":"https:\/\/www.egemtv.com\/index.php?rest_route=\/wp\/v2\/posts"}],"about":[{"href":"https:\/\/www.egemtv.com\/index.php?rest_route=\/wp\/v2\/types\/post"}],"author":[{"embeddable":true,"href":"https:\/\/www.egemtv.com\/index.php?rest_route=\/wp\/v2\/users\/1"}],"replies":[{"embeddable":true,"href":"https:\/\/www.egemtv.com\/index.php?rest_route=%2Fwp%2Fv2%2Fcomments&post=48158"}],"version-history":[{"count":1,"href":"https:\/\/www.egemtv.com\/index.php?rest_route=\/wp\/v2\/posts\/48158\/revisions"}],"predecessor-version":[{"id":48160,"href":"https:\/\/www.egemtv.com\/index.php?rest_route=\/wp\/v2\/posts\/48158\/revisions\/48160"}],"wp:featuredmedia":[{"embeddable":true,"href":"https:\/\/www.egemtv.com\/index.php?rest_route=\/wp\/v2\/media\/48159"}],"wp:attachment":[{"href":"https:\/\/www.egemtv.com\/index.php?rest_route=%2Fwp%2Fv2%2Fmedia&parent=48158"}],"wp:term":[{"taxonomy":"category","embeddable":true,"href":"https:\/\/www.egemtv.com\/index.php?rest_route=%2Fwp%2Fv2%2Fcategories&post=48158"},{"taxonomy":"post_tag","embeddable":true,"href":"https:\/\/www.egemtv.com\/index.php?rest_route=%2Fwp%2Fv2%2Ftags&post=48158"}],"curies":[{"name":"wp","href":"https:\/\/api.w.org\/{rel}","templated":true}]}}