{"id":48155,"date":"2025-08-11T16:34:54","date_gmt":"2025-08-11T13:34:54","guid":{"rendered":"https:\/\/www.egemtv.com\/?p=48155"},"modified":"2025-08-11T16:34:55","modified_gmt":"2025-08-11T13:34:55","slug":"hukumlu-ve-tutuklularin-is-bulabilmesi-adina-toplanti-duzenlendi","status":"publish","type":"post","link":"https:\/\/www.egemtv.com\/?p=48155","title":{"rendered":"H\u00fck\u00fcml\u00fc ve tutuklular\u0131n i\u015f bulabilmesi ad\u0131na toplant\u0131 d\u00fczenlendi"},"content":{"rendered":"<p>Afyonkarahisar\u2019da \u0130\u015eKUR \u0130l M\u00fcd\u00fcrl\u00fc\u011f\u00fc taraf\u0131ndan tahliye olan vatanda\u015flar\u0131n sonras\u0131nda i\u015f bulmalar\u0131na yard\u0131mc\u0131 olunmas\u0131n\u0131 sa\u011flamak amac\u0131yla  de\u011ferlendirme toplant\u0131s\u0131 ger\u00e7ekle\u015ftirildi.<br \/>\n<br \/>Adalet Bakanl\u0131\u011f\u0131 ile \u00c7al\u0131\u015fma ve Sosyal G\u00fcvenlik Bakanl\u0131\u011f\u0131 aras\u0131nda &#8220;Adalet Bakanl\u0131\u011f\u0131 ile \u00c7al\u0131\u015fma ve Sosyal G\u00fcvenlik Bakanl\u0131\u011f\u0131 Aras\u0131nda H\u00fck\u00fcml\u00fc ve Y\u00fck\u00fcml\u00fclerin \u0130stihdam\u0131na Y\u00f6nelik \u0130\u015f Birli\u011fi Protokol\u00fc&#8221; imzalanm\u0131\u015ft\u0131. Bu kapsamda Adalet Bakanl\u0131\u011f\u0131\u2019na ba\u011fl\u0131 ceza infaz kurumlar\u0131nda bar\u0131nd\u0131r\u0131lan h\u00fck\u00fcml\u00fc ve tutuklular ile denetimli serbestlik y\u00fck\u00fcml\u00fclerine, tahliyesine bir ay ve daha az zaman kalan h\u00fck\u00fcml\u00fclerin i\u015fg\u00fcc\u00fc piyasas\u0131na uyum s\u00fcrecinin yerelde daha etkin s\u00fcrd\u00fcr\u00fclebilmesi ve \u0130\u015eKUR \u0130l M\u00fcd\u00fcrl\u00fc\u011f\u00fc taraf\u0131ndan tahliye sonras\u0131 i\u015f bulmalar\u0131na yard\u0131mc\u0131 olunmas\u0131n\u0131 sa\u011flamak amac\u0131yla  de\u011ferlendirme toplant\u0131s\u0131 ger\u00e7ekle\u015ftirildi. Toplant\u0131ya, Cezaevi m\u00fcd\u00fcrleri ve Denetimli Serbestlik M\u00fcd\u00fcrleri de kat\u0131l\u0131m sa\u011flad\u0131. Kat\u0131l\u0131mc\u0131lar, i\u015f birli\u011finin sahadaki yans\u0131malar\u0131n\u0131 ele alarak protokol\u00fcn uygulama s\u00fcrecine dair fikir al\u0131\u015fveri\u015finde bulundu.<br \/><\/p>\n","protected":false},"excerpt":{"rendered":"<p>Afyonkarahisar\u2019da \u0130\u015eKUR \u0130l M\u00fcd\u00fcrl\u00fc\u011f\u00fc taraf\u0131ndan tahliye olan vatanda\u015flar\u0131n sonras\u0131nda i\u015f bulmalar\u0131na yard\u0131mc\u0131 olunmas\u0131n\u0131 sa\u011flamak amac\u0131yla de\u011ferlendirme toplant\u0131s\u0131 ger\u00e7ekle\u015ftirildi. Adalet Bakanl\u0131\u011f\u0131 ile \u00c7al\u0131\u015fma ve Sosyal G\u00fcvenlik Bakanl\u0131\u011f\u0131 aras\u0131nda &#8220;Adalet Bakanl\u0131\u011f\u0131 ile \u00c7al\u0131\u015fma ve Sosyal G\u00fcvenlik Bakanl\u0131\u011f\u0131 Aras\u0131nda H\u00fck\u00fcml\u00fc ve Y\u00fck\u00fcml\u00fclerin \u0130stihdam\u0131na Y\u00f6nelik \u0130\u015f Birli\u011fi Protokol\u00fc&#8221; imzalanm\u0131\u015ft\u0131. Bu kapsamda Adalet Bakanl\u0131\u011f\u0131\u2019na ba\u011fl\u0131 ceza infaz kurumlar\u0131nda bar\u0131nd\u0131r\u0131lan h\u00fck\u00fcml\u00fc&#8230;<\/p>\n","protected":false},"author":1,"featured_media":48156,"comment_status":"open","ping_status":"open","sticky":false,"template":"","format":"standard","meta":{"_crdt_document":"","footnotes":""},"categories":[123],"tags":[],"class_list":["post-48155","post","type-post","status-publish","format-standard","has-post-thumbnail","hentry","category-gundem"],"_links":{"self":[{"href":"https:\/\/www.egemtv.com\/index.php?rest_route=\/wp\/v2\/posts\/48155","targetHints":{"allow":["GET"]}}],"collection":[{"href":"https:\/\/www.egemtv.com\/index.php?rest_route=\/wp\/v2\/posts"}],"about":[{"href":"https:\/\/www.egemtv.com\/index.php?rest_route=\/wp\/v2\/types\/post"}],"author":[{"embeddable":true,"href":"https:\/\/www.egemtv.com\/index.php?rest_route=\/wp\/v2\/users\/1"}],"replies":[{"embeddable":true,"href":"https:\/\/www.egemtv.com\/index.php?rest_route=%2Fwp%2Fv2%2Fcomments&post=48155"}],"version-history":[{"count":1,"href":"https:\/\/www.egemtv.com\/index.php?rest_route=\/wp\/v2\/posts\/48155\/revisions"}],"predecessor-version":[{"id":48157,"href":"https:\/\/www.egemtv.com\/index.php?rest_route=\/wp\/v2\/posts\/48155\/revisions\/48157"}],"wp:featuredmedia":[{"embeddable":true,"href":"https:\/\/www.egemtv.com\/index.php?rest_route=\/wp\/v2\/media\/48156"}],"wp:attachment":[{"href":"https:\/\/www.egemtv.com\/index.php?rest_route=%2Fwp%2Fv2%2Fmedia&parent=48155"}],"wp:term":[{"taxonomy":"category","embeddable":true,"href":"https:\/\/www.egemtv.com\/index.php?rest_route=%2Fwp%2Fv2%2Fcategories&post=48155"},{"taxonomy":"post_tag","embeddable":true,"href":"https:\/\/www.egemtv.com\/index.php?rest_route=%2Fwp%2Fv2%2Ftags&post=48155"}],"curies":[{"name":"wp","href":"https:\/\/api.w.org\/{rel}","templated":true}]}}