{"id":48152,"date":"2025-08-11T16:34:53","date_gmt":"2025-08-11T13:34:53","guid":{"rendered":"https:\/\/www.egemtv.com\/?p=48152"},"modified":"2025-08-11T16:34:54","modified_gmt":"2025-08-11T13:34:54","slug":"ekipler-zamanla-yaristi-once-alevlere-sonra-koylulerin-yureklerine-su-serptiler","status":"publish","type":"post","link":"https:\/\/www.egemtv.com\/?p=48152","title":{"rendered":"Ekipler zamanla yar\u0131\u015ft\u0131, \u00f6nce alevlere sonra k\u00f6yl\u00fclerin y\u00fcreklerine su serptiler"},"content":{"rendered":"<p>Ayd\u0131n\u2019\u0131n Germencik il\u00e7esine ba\u011fl\u0131 K\u0131rsal Da\u011fyeni Mahallesi\u2019nde meydana gelen orman yang\u0131n\u0131 ekipleri h\u0131zl\u0131 m\u00fcdahalesi sonucu k\u0131sa s\u00fcrede kontrol alt\u0131na al\u0131narak s\u00f6nd\u00fcr\u00fcld\u00fc. Adeta zamanla yar\u0131\u015fan ate\u015f sava\u015f\u00e7\u0131lar\u0131 \u00f6nce alevlere sonra da k\u00f6yl\u00fclerin y\u00fcre\u011fine su serpti.<br \/>\n<br \/>Da\u011fyeni Mahallesi yak\u0131nlar\u0131nda bulunan ormanl\u0131k alanda saat 11.00 s\u0131ralar\u0131nda yang\u0131n \u00e7\u0131kt\u0131. Hava muhalefetinin olduk\u00e7a yo\u011fun oldu\u011fu b\u00f6lgede alevler k\u0131sa s\u00fcrede b\u00fcy\u00fcyerek \u00e7evreye yay\u0131ld\u0131. 112 Acil yard\u0131m Hatt\u0131\u2019na ihbar d\u00fc\u015fer d\u00fc\u015fmez Orman ekipleri yang\u0131na havadan 4 helikopter, 1 u\u00e7ak ile karadan ise 8 araz\u00f6z, 150 i\u015f\u00e7i, Ayd\u0131n B\u00fcy\u00fck\u015fehir Belediyesi\u2019ne ait ara\u00e7 ve ekipler ile k\u00f6yl\u00fcler m\u00fcdahale etti.<br \/>\n<br \/>Yerle\u015fim yerine de yak\u0131n olan alevlere k\u00f6yl\u00fcleri tedirgin ederken ekiplerin h\u0131zl\u0131 m\u00fcdahalesi ile yang\u0131n\u0131n k\u0131sa s\u00fcrede kontrol alt\u0131na al\u0131narak s\u00f6nd\u00fcr\u00fclmesi herkesi rahatlatt\u0131. Bu arada olay yerine gelen Germencik belediye Ba\u015fkan\u0131 Burak Zencirci de \u00e7al\u0131\u015fmalar\u0131 bizzat yerinde inceleyip k\u00f6yl\u00fcleri teselli etmeye \u00e7al\u0131\u015ft\u0131.<br \/>\n<br \/>Yang\u0131n\u0131n havadan ve karadan h\u0131zl\u0131ca m\u00fcdahale edilip s\u00f6nd\u00fcr\u00fcld\u00fc\u011f\u00fcn\u00fc g\u00f6ren k\u00f6yl\u00fcler, yang\u0131n\u0131n s\u00f6nd\u00fcr\u00fclmesinde eme\u011fi ge\u00e7en herkese te\u015fekk\u00fcr ettiler.<br \/><\/p>\n","protected":false},"excerpt":{"rendered":"<p>Ayd\u0131n\u2019\u0131n Germencik il\u00e7esine ba\u011fl\u0131 K\u0131rsal Da\u011fyeni Mahallesi\u2019nde meydana gelen orman yang\u0131n\u0131 ekipleri h\u0131zl\u0131 m\u00fcdahalesi sonucu k\u0131sa s\u00fcrede kontrol alt\u0131na al\u0131narak s\u00f6nd\u00fcr\u00fcld\u00fc. Adeta zamanla yar\u0131\u015fan ate\u015f sava\u015f\u00e7\u0131lar\u0131 \u00f6nce alevlere sonra da k\u00f6yl\u00fclerin y\u00fcre\u011fine su serpti. Da\u011fyeni Mahallesi yak\u0131nlar\u0131nda bulunan ormanl\u0131k alanda saat 11.00 s\u0131ralar\u0131nda yang\u0131n \u00e7\u0131kt\u0131. Hava muhalefetinin olduk\u00e7a yo\u011fun oldu\u011fu b\u00f6lgede alevler k\u0131sa s\u00fcrede b\u00fcy\u00fcyerek&#8230;<\/p>\n","protected":false},"author":1,"featured_media":48153,"comment_status":"open","ping_status":"open","sticky":false,"template":"","format":"standard","meta":{"_crdt_document":"","footnotes":""},"categories":[5],"tags":[],"class_list":["post-48152","post","type-post","status-publish","format-standard","has-post-thumbnail","hentry","category-asayis"],"_links":{"self":[{"href":"https:\/\/www.egemtv.com\/index.php?rest_route=\/wp\/v2\/posts\/48152","targetHints":{"allow":["GET"]}}],"collection":[{"href":"https:\/\/www.egemtv.com\/index.php?rest_route=\/wp\/v2\/posts"}],"about":[{"href":"https:\/\/www.egemtv.com\/index.php?rest_route=\/wp\/v2\/types\/post"}],"author":[{"embeddable":true,"href":"https:\/\/www.egemtv.com\/index.php?rest_route=\/wp\/v2\/users\/1"}],"replies":[{"embeddable":true,"href":"https:\/\/www.egemtv.com\/index.php?rest_route=%2Fwp%2Fv2%2Fcomments&post=48152"}],"version-history":[{"count":1,"href":"https:\/\/www.egemtv.com\/index.php?rest_route=\/wp\/v2\/posts\/48152\/revisions"}],"predecessor-version":[{"id":48154,"href":"https:\/\/www.egemtv.com\/index.php?rest_route=\/wp\/v2\/posts\/48152\/revisions\/48154"}],"wp:featuredmedia":[{"embeddable":true,"href":"https:\/\/www.egemtv.com\/index.php?rest_route=\/wp\/v2\/media\/48153"}],"wp:attachment":[{"href":"https:\/\/www.egemtv.com\/index.php?rest_route=%2Fwp%2Fv2%2Fmedia&parent=48152"}],"wp:term":[{"taxonomy":"category","embeddable":true,"href":"https:\/\/www.egemtv.com\/index.php?rest_route=%2Fwp%2Fv2%2Fcategories&post=48152"},{"taxonomy":"post_tag","embeddable":true,"href":"https:\/\/www.egemtv.com\/index.php?rest_route=%2Fwp%2Fv2%2Ftags&post=48152"}],"curies":[{"name":"wp","href":"https:\/\/api.w.org\/{rel}","templated":true}]}}