{"id":48149,"date":"2025-08-11T16:14:57","date_gmt":"2025-08-11T13:14:57","guid":{"rendered":"https:\/\/www.egemtv.com\/?p=48149"},"modified":"2025-08-11T16:14:58","modified_gmt":"2025-08-11T13:14:58","slug":"incir-iscilerini-tasiyan-minibus-ticari-arac-ile-carpisti-3u-agir-8-yarali","status":"publish","type":"post","link":"https:\/\/www.egemtv.com\/?p=48149","title":{"rendered":"\u0130ncir i\u015f\u00e7ilerini ta\u015f\u0131yan minib\u00fcs ticari ara\u00e7 ile \u00e7arp\u0131\u015ft\u0131: 3\u2019\u00fc a\u011f\u0131r 8 yaral\u0131"},"content":{"rendered":"<p>Ayd\u0131n\u2019\u0131n Germencik il\u00e7esinde ticari arac\u0131n, incir i\u015f\u00e7ilerini ta\u015f\u0131yan minib\u00fcse \u00e7arpmas\u0131 sonucu meydana gelen trafik kazas\u0131nda 3\u2019\u00fc a\u011f\u0131r 8 ki\u015fi yaraland\u0131.<\/p>\n<p>Kaza, Selatin Mahallesi Selatin-Ortaklar Karayolu \u00fczerinde \u00f6\u011fle saatlerinde meydana geldi. Edinilen bilgiye g\u00f6re, N.Y. idaresindeki 09 AIE 596 plakal\u0131 incir i\u015f\u00e7ilerini ta\u015f\u0131yan minib\u00fcs seyir halindeyken hen\u00fcz bilinmeyen bir nedenle kar\u015f\u0131 \u015feritten gelen M.T. y\u00f6netimindeki 20 B 4619 plakal\u0131 ticari ara\u00e7 ile \u00e7arp\u0131\u015ft\u0131. Kazay\u0131 g\u00f6renler durumu 112 Acil \u00c7a\u011fr\u0131 Merkezi\u2019ne bildirdi. \u0130hbar \u00fczerine b\u00f6lgeye jandarma, itfaiye ve sa\u011fl\u0131k ekipleri sevk edildi. K\u0131sa s\u00fcrede olay yerine gelen jandarma ekipleri yolda ba\u015fka bir kazan\u0131n ya\u015fanmamas\u0131 i\u00e7in \u00f6nlem al\u0131rken, Ayd\u0131n B\u00fcy\u00fck\u015fehir Belediyesi \u0130tfaiye Daire Ba\u015fkanl\u0131\u011f\u0131 ekipleri de minib\u00fcs i\u00e7erisinde s\u0131k\u0131\u015fan i\u015f\u00e7ileri \u00e7\u0131kartmak i\u00e7in \u00e7al\u0131\u015fma ba\u015flatt\u0131. \u0130tfaiye ekipleri taraf\u0131ndan s\u0131k\u0131\u015ft\u0131klar\u0131 minib\u00fcs i\u00e7erisinden \u00e7\u0131kart\u0131lan yaral\u0131lar sa\u011fl\u0131k ekipleri taraf\u0131ndan da ilk m\u00fcdahalelerinin yap\u0131lmas\u0131n\u0131n ard\u0131ndan ambulanslarla hastaneye kald\u0131r\u0131ld\u0131. \u0130lk belirlemelere g\u00f6re, hastaneye kald\u0131r\u0131lan 8 yaral\u0131dan 3\u2019\u00fcn\u00fcn durumunun a\u011f\u0131r oldu\u011fu ve Ayd\u0131n Adnan Menderes \u00dcniversitesi Uygulama ve Ara\u015ft\u0131rma Hastanesi\u2019ne sevk edildikleri bilgisine ula\u015f\u0131ld\u0131.<\/p>\n<p>Olayla ilgili soru\u015fturma s\u00fcr\u00fcyor.<br \/><\/p>\n","protected":false},"excerpt":{"rendered":"<p>Ayd\u0131n\u2019\u0131n Germencik il\u00e7esinde ticari arac\u0131n, incir i\u015f\u00e7ilerini ta\u015f\u0131yan minib\u00fcse \u00e7arpmas\u0131 sonucu meydana gelen trafik kazas\u0131nda 3\u2019\u00fc a\u011f\u0131r 8 ki\u015fi yaraland\u0131. Kaza, Selatin Mahallesi Selatin-Ortaklar Karayolu \u00fczerinde \u00f6\u011fle saatlerinde meydana geldi. Edinilen bilgiye g\u00f6re, N.Y. idaresindeki 09 AIE 596 plakal\u0131 incir i\u015f\u00e7ilerini ta\u015f\u0131yan minib\u00fcs seyir halindeyken hen\u00fcz bilinmeyen bir nedenle kar\u015f\u0131 \u015feritten gelen M.T. y\u00f6netimindeki 20&#8230;<\/p>\n","protected":false},"author":1,"featured_media":48150,"comment_status":"open","ping_status":"open","sticky":false,"template":"","format":"standard","meta":{"_crdt_document":"","footnotes":""},"categories":[5],"tags":[],"class_list":["post-48149","post","type-post","status-publish","format-standard","has-post-thumbnail","hentry","category-asayis"],"_links":{"self":[{"href":"https:\/\/www.egemtv.com\/index.php?rest_route=\/wp\/v2\/posts\/48149","targetHints":{"allow":["GET"]}}],"collection":[{"href":"https:\/\/www.egemtv.com\/index.php?rest_route=\/wp\/v2\/posts"}],"about":[{"href":"https:\/\/www.egemtv.com\/index.php?rest_route=\/wp\/v2\/types\/post"}],"author":[{"embeddable":true,"href":"https:\/\/www.egemtv.com\/index.php?rest_route=\/wp\/v2\/users\/1"}],"replies":[{"embeddable":true,"href":"https:\/\/www.egemtv.com\/index.php?rest_route=%2Fwp%2Fv2%2Fcomments&post=48149"}],"version-history":[{"count":1,"href":"https:\/\/www.egemtv.com\/index.php?rest_route=\/wp\/v2\/posts\/48149\/revisions"}],"predecessor-version":[{"id":48151,"href":"https:\/\/www.egemtv.com\/index.php?rest_route=\/wp\/v2\/posts\/48149\/revisions\/48151"}],"wp:featuredmedia":[{"embeddable":true,"href":"https:\/\/www.egemtv.com\/index.php?rest_route=\/wp\/v2\/media\/48150"}],"wp:attachment":[{"href":"https:\/\/www.egemtv.com\/index.php?rest_route=%2Fwp%2Fv2%2Fmedia&parent=48149"}],"wp:term":[{"taxonomy":"category","embeddable":true,"href":"https:\/\/www.egemtv.com\/index.php?rest_route=%2Fwp%2Fv2%2Fcategories&post=48149"},{"taxonomy":"post_tag","embeddable":true,"href":"https:\/\/www.egemtv.com\/index.php?rest_route=%2Fwp%2Fv2%2Ftags&post=48149"}],"curies":[{"name":"wp","href":"https:\/\/api.w.org\/{rel}","templated":true}]}}