{"id":48146,"date":"2025-08-11T16:14:56","date_gmt":"2025-08-11T13:14:56","guid":{"rendered":"https:\/\/www.egemtv.com\/?p=48146"},"modified":"2025-08-11T16:14:57","modified_gmt":"2025-08-11T13:14:57","slug":"denizli-devlet-hastanesinde-yasanan-tavan-cokmesinde-2-kisi-yaralandi","status":"publish","type":"post","link":"https:\/\/www.egemtv.com\/?p=48146","title":{"rendered":"Denizli Devlet Hastanesinde ya\u015fanan tavan \u00e7\u00f6kmesinde 2 ki\u015fi yaraland\u0131"},"content":{"rendered":"<p>Denizli Devlet Hastanesinde ya\u015fanan tavan \u00e7\u00f6kmesine ili\u015fkin hastane Ba\u015f Hekimli\u011fi a\u00e7\u0131klamada bulundu. Yap\u0131lan a\u00e7\u0131klamada olayda 2 ki\u015finin d\u00fc\u015fen moloz par\u00e7alar\u0131yla yaraland\u0131\u011f\u0131 bildirildi.<br \/>\n<br \/>Denizli Devlet Hastanesinde ya\u015fanan tavan \u00e7\u00f6kmesine ili\u015fkin Hastane Ba\u015fhekimli\u011fi taraf\u0131ndan yap\u0131lan a\u00e7\u0131klamada, &#8220;Bug\u00fcn saat 11.05\u2019te, Denizli Devlet Hastanesi B Blok 1\u2019inci Kat Servis Giri\u015fi\u2019nde tavanda yakla\u015f\u0131k 12 metrelik alanda s\u0131va d\u00f6k\u00fclmesi meydana gelmi\u015ftir. Olay\u0131n ard\u0131ndan hastanemiz m\u00fchendisleri ile \u00c7evre ve \u015eehircilik \u0130l M\u00fcd\u00fcrl\u00fc\u011f\u00fc teknik ekibi taraf\u0131ndan yerinde inceleme yap\u0131lm\u0131\u015ft\u0131r. Yap\u0131lan de\u011ferlendirmede, tavan s\u0131va kal\u0131nl\u0131\u011f\u0131n\u0131n fazla olmas\u0131 ve s\u0131van\u0131n kendi a\u011f\u0131rl\u0131\u011f\u0131 ile d\u00fc\u015fmesi sonucu oldu\u011fu belirlenmi\u015ftir. Teknik ekiplerin de\u011ferlendirmesinde; binan\u0131n bo\u015falt\u0131lmas\u0131na gerek olmad\u0131\u011f\u0131 tespit edilmi\u015ftir. Olayla ilgili ayr\u0131nt\u0131l\u0131 teknik rapor haz\u0131rlanmakta olup, hasta ve \u00e7al\u0131\u015fan g\u00fcvenli\u011finin sa\u011flanmas\u0131 amac\u0131yla gerekli t\u00fcm tedbirler al\u0131nm\u0131\u015ft\u0131r. Teknik birimlerimizce onar\u0131m \u00e7al\u0131\u015fmalar\u0131 devam etmektedir. Olay esnas\u0131nda b\u00f6lgede bulunan 2 ki\u015fi, tavandan d\u00f6k\u00fclen molozlardan etkilenmi\u015ftir. Her iki vatanda\u015f\u0131m\u0131z\u0131n da genel sa\u011fl\u0131k durumu iyi olup, tetkik ve tedavilerinin yap\u0131labilmesi amac\u0131yla acil serviste m\u00fc\u015fahede alt\u0131na al\u0131nm\u0131\u015flard\u0131r&#8221; ifadeleri kullan\u0131ld\u0131.<br \/><\/p>\n","protected":false},"excerpt":{"rendered":"<p>Denizli Devlet Hastanesinde ya\u015fanan tavan \u00e7\u00f6kmesine ili\u015fkin hastane Ba\u015f Hekimli\u011fi a\u00e7\u0131klamada bulundu. Yap\u0131lan a\u00e7\u0131klamada olayda 2 ki\u015finin d\u00fc\u015fen moloz par\u00e7alar\u0131yla yaraland\u0131\u011f\u0131 bildirildi. Denizli Devlet Hastanesinde ya\u015fanan tavan \u00e7\u00f6kmesine ili\u015fkin Hastane Ba\u015fhekimli\u011fi taraf\u0131ndan yap\u0131lan a\u00e7\u0131klamada, &#8220;Bug\u00fcn saat 11.05\u2019te, Denizli Devlet Hastanesi B Blok 1\u2019inci Kat Servis Giri\u015fi\u2019nde tavanda yakla\u015f\u0131k 12 metrelik alanda s\u0131va d\u00f6k\u00fclmesi meydana gelmi\u015ftir&#8230;.<\/p>\n","protected":false},"author":1,"featured_media":48147,"comment_status":"open","ping_status":"open","sticky":false,"template":"","format":"standard","meta":{"_crdt_document":"","footnotes":""},"categories":[5],"tags":[],"class_list":["post-48146","post","type-post","status-publish","format-standard","has-post-thumbnail","hentry","category-asayis"],"_links":{"self":[{"href":"https:\/\/www.egemtv.com\/index.php?rest_route=\/wp\/v2\/posts\/48146","targetHints":{"allow":["GET"]}}],"collection":[{"href":"https:\/\/www.egemtv.com\/index.php?rest_route=\/wp\/v2\/posts"}],"about":[{"href":"https:\/\/www.egemtv.com\/index.php?rest_route=\/wp\/v2\/types\/post"}],"author":[{"embeddable":true,"href":"https:\/\/www.egemtv.com\/index.php?rest_route=\/wp\/v2\/users\/1"}],"replies":[{"embeddable":true,"href":"https:\/\/www.egemtv.com\/index.php?rest_route=%2Fwp%2Fv2%2Fcomments&post=48146"}],"version-history":[{"count":1,"href":"https:\/\/www.egemtv.com\/index.php?rest_route=\/wp\/v2\/posts\/48146\/revisions"}],"predecessor-version":[{"id":48148,"href":"https:\/\/www.egemtv.com\/index.php?rest_route=\/wp\/v2\/posts\/48146\/revisions\/48148"}],"wp:featuredmedia":[{"embeddable":true,"href":"https:\/\/www.egemtv.com\/index.php?rest_route=\/wp\/v2\/media\/48147"}],"wp:attachment":[{"href":"https:\/\/www.egemtv.com\/index.php?rest_route=%2Fwp%2Fv2%2Fmedia&parent=48146"}],"wp:term":[{"taxonomy":"category","embeddable":true,"href":"https:\/\/www.egemtv.com\/index.php?rest_route=%2Fwp%2Fv2%2Fcategories&post=48146"},{"taxonomy":"post_tag","embeddable":true,"href":"https:\/\/www.egemtv.com\/index.php?rest_route=%2Fwp%2Fv2%2Ftags&post=48146"}],"curies":[{"name":"wp","href":"https:\/\/api.w.org\/{rel}","templated":true}]}}