{"id":48143,"date":"2025-08-11T15:56:15","date_gmt":"2025-08-11T12:56:15","guid":{"rendered":"https:\/\/www.egemtv.com\/?p=48143"},"modified":"2025-08-11T15:56:15","modified_gmt":"2025-08-11T12:56:15","slug":"imren-alacatispordan-firesiz-ic-transfer","status":"publish","type":"post","link":"https:\/\/www.egemtv.com\/?p=48143","title":{"rendered":"\u0130mren Ala\u00e7at\u0131spor\u2019dan firesiz i\u00e7 transfer"},"content":{"rendered":"<p>2025-2026 sezonunda S\u00fcper Amat\u00f6r Lig\u2019de m\u00fccadele edecek olan \u0130mren Ala\u00e7at\u0131spor, yeni sezon kadro \u00e7al\u0131\u015fmalar\u0131na h\u0131zl\u0131 ba\u015flad\u0131. Kul\u00fcp y\u00f6netimi, i\u00e7 transferde, ge\u00e7en sezon ter d\u00f6ken oyuncular\u0131yla yeniden anla\u015fma sa\u011flad\u0131.<br \/>\n<br \/>Teknik Direkt\u00f6rl\u00fck g\u00f6revini Hakan Kara, Ba\u015f Antren\u00f6rl\u00fck g\u00f6revini ise G\u00f6kay Ate\u015fler\u2019in yapaca\u011f\u0131 \u0130mren Ala\u00e7at\u0131spor\u2019da, kul\u00fcp y\u00f6netimi, ge\u00e7en sezon kadroda yer alan bir\u00e7ok isimle yeniden anla\u015farak i\u00e7 transferde \u00f6nemli bir ad\u0131m att\u0131. Sosyal medya \u00fczerinden yap\u0131lan a\u00e7\u0131klamada \u015fu ifadelere yer verildi: &#8220;Yeni sezona i\u00e7 transferde firesiz ba\u015fl\u0131yoruz. Teknik ekibimiz Hakan Kara, ba\u015f antren\u00f6r\u00fcm\u00fcz G\u00f6kay Ate\u015fler ba\u015fta olmak \u00fczere kaptanlar\u0131m\u0131z Yavuz \u00d6zsevim, Soner Sar\u0131\u00e7icek ve s\u0131ras\u0131yla Ekin Tepekule, Y\u0131lmaz Aslanda\u011f, Erdi \u00d6nal, Abidin G\u00f6kdemir, Berke Sarl\u0131ca, Emre Polat, Emre G\u00f6ral ve Yunus Karag\u00f6z ile anla\u015fm\u0131\u015f bulunmaktay\u0131z. Ge\u00e7en sezon birlikte ter d\u00f6kt\u00fc\u011f\u00fcm\u00fcz, omuz omuza m\u00fccadele etti\u011fimiz oyuncular\u0131m\u0131zla yeni sezonda da yola devam ediyoruz. Bizi izlemeye devam edin\u2026&#8221;<br \/>\n<br \/>\u0130mren Ala\u00e7at\u0131spor\u2019un d\u0131\u015f transfer \u00e7al\u0131\u015fmalar\u0131na da k\u0131sa s\u00fcre i\u00e7inde ba\u015flamas\u0131 bekleniyor.<br \/><\/p>\n","protected":false},"excerpt":{"rendered":"<p>2025-2026 sezonunda S\u00fcper Amat\u00f6r Lig\u2019de m\u00fccadele edecek olan \u0130mren Ala\u00e7at\u0131spor, yeni sezon kadro \u00e7al\u0131\u015fmalar\u0131na h\u0131zl\u0131 ba\u015flad\u0131. Kul\u00fcp y\u00f6netimi, i\u00e7 transferde, ge\u00e7en sezon ter d\u00f6ken oyuncular\u0131yla yeniden anla\u015fma sa\u011flad\u0131. Teknik Direkt\u00f6rl\u00fck g\u00f6revini Hakan Kara, Ba\u015f Antren\u00f6rl\u00fck g\u00f6revini ise G\u00f6kay Ate\u015fler\u2019in yapaca\u011f\u0131 \u0130mren Ala\u00e7at\u0131spor\u2019da, kul\u00fcp y\u00f6netimi, ge\u00e7en sezon kadroda yer alan bir\u00e7ok isimle yeniden anla\u015farak i\u00e7 transferde&#8230;<\/p>\n","protected":false},"author":1,"featured_media":48144,"comment_status":"open","ping_status":"open","sticky":false,"template":"","format":"standard","meta":{"_crdt_document":"","footnotes":""},"categories":[4],"tags":[],"class_list":["post-48143","post","type-post","status-publish","format-standard","has-post-thumbnail","hentry","category-spor"],"_links":{"self":[{"href":"https:\/\/www.egemtv.com\/index.php?rest_route=\/wp\/v2\/posts\/48143","targetHints":{"allow":["GET"]}}],"collection":[{"href":"https:\/\/www.egemtv.com\/index.php?rest_route=\/wp\/v2\/posts"}],"about":[{"href":"https:\/\/www.egemtv.com\/index.php?rest_route=\/wp\/v2\/types\/post"}],"author":[{"embeddable":true,"href":"https:\/\/www.egemtv.com\/index.php?rest_route=\/wp\/v2\/users\/1"}],"replies":[{"embeddable":true,"href":"https:\/\/www.egemtv.com\/index.php?rest_route=%2Fwp%2Fv2%2Fcomments&post=48143"}],"version-history":[{"count":1,"href":"https:\/\/www.egemtv.com\/index.php?rest_route=\/wp\/v2\/posts\/48143\/revisions"}],"predecessor-version":[{"id":48145,"href":"https:\/\/www.egemtv.com\/index.php?rest_route=\/wp\/v2\/posts\/48143\/revisions\/48145"}],"wp:featuredmedia":[{"embeddable":true,"href":"https:\/\/www.egemtv.com\/index.php?rest_route=\/wp\/v2\/media\/48144"}],"wp:attachment":[{"href":"https:\/\/www.egemtv.com\/index.php?rest_route=%2Fwp%2Fv2%2Fmedia&parent=48143"}],"wp:term":[{"taxonomy":"category","embeddable":true,"href":"https:\/\/www.egemtv.com\/index.php?rest_route=%2Fwp%2Fv2%2Fcategories&post=48143"},{"taxonomy":"post_tag","embeddable":true,"href":"https:\/\/www.egemtv.com\/index.php?rest_route=%2Fwp%2Fv2%2Ftags&post=48143"}],"curies":[{"name":"wp","href":"https:\/\/api.w.org\/{rel}","templated":true}]}}