{"id":48140,"date":"2025-08-11T15:56:13","date_gmt":"2025-08-11T12:56:13","guid":{"rendered":"https:\/\/www.egemtv.com\/?p=48140"},"modified":"2025-08-11T15:56:14","modified_gmt":"2025-08-11T12:56:14","slug":"muglada-yollar-sanat-yapilariyla-gucleniyor","status":"publish","type":"post","link":"https:\/\/www.egemtv.com\/?p=48140","title":{"rendered":"Mu\u011fla\u2019da yollar sanat yap\u0131lar\u0131yla g\u00fc\u00e7leniyor"},"content":{"rendered":"<p>Mu\u011fla B\u00fcy\u00fck\u015fehir Belediyesi, Ula il\u00e7esine ba\u011fl\u0131 Sarayyan\u0131 Mahallesi\u2019nde 5 milyon TL maliyetle ba\u015flatt\u0131\u011f\u0131 ta\u015f duvar durak cebi ve kald\u0131r\u0131m \u00e7al\u0131\u015fmalar\u0131na devam ediyor.<br \/>\n<br \/>\u0130l genelinde s\u00fcrd\u00fcrd\u00fc\u011f\u00fc yol yat\u0131r\u0131mlar\u0131n\u0131 sanat yap\u0131lar\u0131yla destekleyen Mu\u011fla B\u00fcy\u00fck\u015fehir Belediyesi, altyap\u0131y\u0131 daha dayan\u0131kl\u0131 ve g\u00fcvenli hale getiriyor. Bu kapsamda s\u00fcrd\u00fcr\u00fclen \u00e7al\u0131\u015fmalar,  k\u0131rsal mahallelerin ve kent merkezinin ula\u015f\u0131m altyap\u0131s\u0131n\u0131 g\u00fc\u00e7lendirmeyi ama\u00e7l\u0131yor.<br \/>\n<br \/>Ula\u2019da ta\u015f duvar \u00e7al\u0131\u015fmas\u0131 devam ediyor<br \/>\n<br \/>B\u00fcy\u00fck\u015fehir Belediyesi, mahalle muhtar\u0131 ve y\u00f6re halk\u0131n\u0131n talebi do\u011frultusunda Ula\u2019n\u0131n Sarayyan\u0131 Mahallesi\u2019nde durak g\u00fcvenli\u011fini sa\u011flamak amac\u0131yla ba\u015flatt\u0131\u011f\u0131 ta\u015f duvar yap\u0131m\u0131na devam ediyor. Yakla\u015f\u0131k 200 metre uzunlu\u011funda 5 milyon TL maliyetli ta\u015f duvar \u00e7al\u0131\u015fmas\u0131, b\u00f6lgede yol g\u00fcvenli\u011fini art\u0131racak \u00f6nemli bir yat\u0131r\u0131m olarak dikkat \u00e7ekiyor.<br \/>\n<br \/>Yol yat\u0131r\u0131mlar\u0131 sanat yap\u0131lar\u0131 ile destekleniyor<br \/>\n<br \/>B\u00fcy\u00fck\u015fehir Belediyesi\u2019nin 2024 ve 2025 y\u0131llar\u0131nda tamamlad\u0131\u011f\u0131 yol projeleri, sanat yap\u0131lar\u0131yla da g\u00fc\u00e7lendirildi. B\u00fcy\u00fck\u015fehir Belediyesi taraf\u0131ndan yap\u0131lan hendek betonlar\u0131, ta\u015f duvarlar, menfezler ve istinat duvarlar\u0131 toplamda 35 bin 734 metre uzunlu\u011fa ula\u015ft\u0131. Sanat yap\u0131lar\u0131 projelerinin 2024 y\u0131l\u0131 toplam maliyeti ise 96 milyon 349 bin 122 TL oldu. B\u00fcy\u00fck\u015fehir Belediyesi, 2025 y\u0131l\u0131 i\u00e7erisinde de sanat yap\u0131s\u0131 projelerine devam ediyor.<br \/>\n<br \/>Ba\u015fkan Aras: &#8220;Projelerimize kararl\u0131l\u0131kla devam edece\u011fiz&#8221;<br \/>\n<br \/>K\u0131y\u0131 Ege Belediyeler Birli\u011fi ve Mu\u011fla B\u00fcy\u00fck\u015fehir Belediye Ba\u015fkan\u0131 Ahmet Aras, &#8220;Mu\u011fla\u2019m\u0131z\u0131n her k\u00f6\u015fesinde ula\u015f\u0131m\u0131 daha g\u00fcvenli ve konforlu hale getirmek i\u00e7in \u00e7al\u0131\u015f\u0131yoruz. Hem \u015fehir merkezlerinde hem de k\u0131rsal mahallelerde yol projelerini sanat yap\u0131lar\u0131yla g\u00fc\u00e7lendiriyoruz. Vatanda\u015flar\u0131m\u0131z\u0131n g\u00fcvenli\u011fi ve rahat\u0131 bizim i\u00e7in \u00f6ncelikli. Yol g\u00fcvenli\u011fi ve vatanda\u015flar\u0131m\u0131z\u0131n ya\u015fam kalitesini art\u0131rmak i\u00e7in sanat yap\u0131lar\u0131yla desteklenen projelerimize 2025 y\u0131l\u0131 boyunca da kararl\u0131l\u0131kla devam edece\u011fiz&#8221; dedi.<br \/><\/p>\n","protected":false},"excerpt":{"rendered":"<p>Mu\u011fla B\u00fcy\u00fck\u015fehir Belediyesi, Ula il\u00e7esine ba\u011fl\u0131 Sarayyan\u0131 Mahallesi\u2019nde 5 milyon TL maliyetle ba\u015flatt\u0131\u011f\u0131 ta\u015f duvar durak cebi ve kald\u0131r\u0131m \u00e7al\u0131\u015fmalar\u0131na devam ediyor. \u0130l genelinde s\u00fcrd\u00fcrd\u00fc\u011f\u00fc yol yat\u0131r\u0131mlar\u0131n\u0131 sanat yap\u0131lar\u0131yla destekleyen Mu\u011fla B\u00fcy\u00fck\u015fehir Belediyesi, altyap\u0131y\u0131 daha dayan\u0131kl\u0131 ve g\u00fcvenli hale getiriyor. Bu kapsamda s\u00fcrd\u00fcr\u00fclen \u00e7al\u0131\u015fmalar, k\u0131rsal mahallelerin ve kent merkezinin ula\u015f\u0131m altyap\u0131s\u0131n\u0131 g\u00fc\u00e7lendirmeyi ama\u00e7l\u0131yor. Ula\u2019da ta\u015f&#8230;<\/p>\n","protected":false},"author":1,"featured_media":48141,"comment_status":"open","ping_status":"open","sticky":false,"template":"","format":"standard","meta":{"_crdt_document":"","footnotes":""},"categories":[1],"tags":[],"class_list":["post-48140","post","type-post","status-publish","format-standard","has-post-thumbnail","hentry","category-guncel"],"_links":{"self":[{"href":"https:\/\/www.egemtv.com\/index.php?rest_route=\/wp\/v2\/posts\/48140","targetHints":{"allow":["GET"]}}],"collection":[{"href":"https:\/\/www.egemtv.com\/index.php?rest_route=\/wp\/v2\/posts"}],"about":[{"href":"https:\/\/www.egemtv.com\/index.php?rest_route=\/wp\/v2\/types\/post"}],"author":[{"embeddable":true,"href":"https:\/\/www.egemtv.com\/index.php?rest_route=\/wp\/v2\/users\/1"}],"replies":[{"embeddable":true,"href":"https:\/\/www.egemtv.com\/index.php?rest_route=%2Fwp%2Fv2%2Fcomments&post=48140"}],"version-history":[{"count":1,"href":"https:\/\/www.egemtv.com\/index.php?rest_route=\/wp\/v2\/posts\/48140\/revisions"}],"predecessor-version":[{"id":48142,"href":"https:\/\/www.egemtv.com\/index.php?rest_route=\/wp\/v2\/posts\/48140\/revisions\/48142"}],"wp:featuredmedia":[{"embeddable":true,"href":"https:\/\/www.egemtv.com\/index.php?rest_route=\/wp\/v2\/media\/48141"}],"wp:attachment":[{"href":"https:\/\/www.egemtv.com\/index.php?rest_route=%2Fwp%2Fv2%2Fmedia&parent=48140"}],"wp:term":[{"taxonomy":"category","embeddable":true,"href":"https:\/\/www.egemtv.com\/index.php?rest_route=%2Fwp%2Fv2%2Fcategories&post=48140"},{"taxonomy":"post_tag","embeddable":true,"href":"https:\/\/www.egemtv.com\/index.php?rest_route=%2Fwp%2Fv2%2Ftags&post=48140"}],"curies":[{"name":"wp","href":"https:\/\/api.w.org\/{rel}","templated":true}]}}