{"id":48137,"date":"2025-08-11T15:56:12","date_gmt":"2025-08-11T12:56:12","guid":{"rendered":"https:\/\/www.egemtv.com\/?p=48137"},"modified":"2025-08-11T15:56:13","modified_gmt":"2025-08-11T12:56:13","slug":"mugla-buyuksehir-hasta-nakil-araclari-vatandasin-hizmetinde","status":"publish","type":"post","link":"https:\/\/www.egemtv.com\/?p=48137","title":{"rendered":"Mu\u011fla B\u00fcy\u00fck\u015fehir hasta nakil ara\u00e7lar\u0131 vatanda\u015f\u0131n hizmetinde"},"content":{"rendered":"<p>Mu\u011fla B\u00fcy\u00fck\u015fehir Belediyesi, yata\u011fa ba\u011f\u0131ml\u0131, ya\u015fl\u0131 ve engelli bireylerin sa\u011fl\u0131k hizmetlerine eri\u015fimini kolayla\u015ft\u0131rmak i\u00e7in sundu\u011fu \u00fccretsiz hasta nakil hizmeti ile vatanda\u015flar\u0131n yan\u0131nda olmaya devam ediyor. 13 il\u00e7e ve 574 mahallede kesintisiz s\u00fcrd\u00fcr\u00fclen bu hizmet, hem hastalara, hem de yak\u0131nlar\u0131na g\u00fcvenli ula\u015f\u0131m imk\u00e2n\u0131 sa\u011fl\u0131yor. Ula il\u00e7esinde ya\u015fayan Aysun G\u00fclhan da, 10 y\u0131ld\u0131r fel\u00e7li olan annesini bu hizmet sayesinde g\u00fcvenle hastaneye g\u00f6t\u00fcrerek kontrollerini yapt\u0131rabiliyor.<br \/>\n<br \/>Mu\u011fla\u2019n\u0131n Ula il\u00e7esinde ya\u015fayan Aysun G\u00fclhan\u2019\u0131n annesi, 10 y\u0131l \u00f6nce ge\u00e7irdi\u011fi fel\u00e7 nedeniyle yata\u011fa ba\u011f\u0131ml\u0131 hale geldi. \u0130lk zamanlarda annesini hastaneye g\u00f6t\u00fcr\u00fcp getirmekte b\u00fcy\u00fck zorluk ya\u015fayan G\u00fclhan, Mu\u011fla B\u00fcy\u00fck\u015fehir Belediyesi\u2019nin \u00fccretsiz hasta nakil hizmeti sayesinde rahat bir nefes ald\u0131.<br \/>\n<br \/>Mu\u011fla B\u00fcy\u00fck\u015fehir Belediyesi\u2019nin \u00fccretsiz hasta nakil hizmeti, yata\u011fa ba\u011f\u0131ml\u0131 hastalar\u0131n g\u00fcvenle hastanelere ula\u015fmas\u0131n\u0131 sa\u011flarken, hasta yak\u0131nlar\u0131n\u0131n da y\u00fck\u00fcn\u00fc hafifletiyor.<br \/>\n<br \/>B\u00fcy\u00fck\u015fehir Belediyesi\u2019ne te\u015fekk\u00fcr eden Aysun G\u00fclhan, &#8220;Annem 10 y\u0131ld\u0131r fel\u00e7li. Yani oldu\u011fu s\u00fcre\u00e7ten beri ara ara ihtiya\u00e7 olunca \u00e7a\u011f\u0131r\u0131yoruz. Hasta daha konforlu gelip gidi yor. Yani memnunuz. Hastam\u0131z\u0131 kolay ve rahat \u015fekilde getirip g\u00f6t\u00fcr\u00fcyoruz. G\u00f6t\u00fcremezdik \u00e7\u00fcnk\u00fc fel\u00e7 a\u011f\u0131rd\u0131. Hi\u00e7 k\u0131p\u0131rdam\u0131yordu ilk zamanlar, hareket edemiyordu. O y\u00fczden bu imkan\u0131 \u00f6\u011frendik. O g\u00fcnden beri ara ara ihtiya\u00e7 olunca gidip geliyoruz&#8221; dedi.<br \/>\n<br \/>K\u0131y\u0131 Ege Belediyeler Birli\u011fi ve Mu\u011fla B\u00fcy\u00fck\u015fehir Belediye Ba\u015fkan\u0131 Ahmet Aras, vatanda\u015flar\u0131n sa\u011fl\u0131k hizmetlerine eri\u015fimini kolayla\u015ft\u0131rmak amac\u0131yla hasta ve engelli nakil hizmetlerini aral\u0131ks\u0131z s\u00fcrd\u00fcrd\u00fcklerini, sa\u011fl\u0131k kurulu\u015flar\u0131na ula\u015f\u0131m\u0131n \u00f6zellikle ya\u015fl\u0131 ve engelli vatanda\u015flar i\u00e7in zaman zaman zor olabildi\u011fi i\u00e7in hem tedavi hem de kontrol s\u00fcre\u00e7lerinin aksamamas\u0131 i\u00e7in nakil hizmetlerini kesintisiz olarak s\u00fcrd\u00fcrd\u00fcklerini a\u00e7\u0131klad\u0131.<br \/><\/p>\n","protected":false},"excerpt":{"rendered":"<p>Mu\u011fla B\u00fcy\u00fck\u015fehir Belediyesi, yata\u011fa ba\u011f\u0131ml\u0131, ya\u015fl\u0131 ve engelli bireylerin sa\u011fl\u0131k hizmetlerine eri\u015fimini kolayla\u015ft\u0131rmak i\u00e7in sundu\u011fu \u00fccretsiz hasta nakil hizmeti ile vatanda\u015flar\u0131n yan\u0131nda olmaya devam ediyor. 13 il\u00e7e ve 574 mahallede kesintisiz s\u00fcrd\u00fcr\u00fclen bu hizmet, hem hastalara, hem de yak\u0131nlar\u0131na g\u00fcvenli ula\u015f\u0131m imk\u00e2n\u0131 sa\u011fl\u0131yor. Ula il\u00e7esinde ya\u015fayan Aysun G\u00fclhan da, 10 y\u0131ld\u0131r fel\u00e7li olan annesini bu&#8230;<\/p>\n","protected":false},"author":1,"featured_media":48138,"comment_status":"open","ping_status":"open","sticky":false,"template":"","format":"standard","meta":{"_crdt_document":"","footnotes":""},"categories":[2],"tags":[],"class_list":["post-48137","post","type-post","status-publish","format-standard","has-post-thumbnail","hentry","category-saglik"],"_links":{"self":[{"href":"https:\/\/www.egemtv.com\/index.php?rest_route=\/wp\/v2\/posts\/48137","targetHints":{"allow":["GET"]}}],"collection":[{"href":"https:\/\/www.egemtv.com\/index.php?rest_route=\/wp\/v2\/posts"}],"about":[{"href":"https:\/\/www.egemtv.com\/index.php?rest_route=\/wp\/v2\/types\/post"}],"author":[{"embeddable":true,"href":"https:\/\/www.egemtv.com\/index.php?rest_route=\/wp\/v2\/users\/1"}],"replies":[{"embeddable":true,"href":"https:\/\/www.egemtv.com\/index.php?rest_route=%2Fwp%2Fv2%2Fcomments&post=48137"}],"version-history":[{"count":1,"href":"https:\/\/www.egemtv.com\/index.php?rest_route=\/wp\/v2\/posts\/48137\/revisions"}],"predecessor-version":[{"id":48139,"href":"https:\/\/www.egemtv.com\/index.php?rest_route=\/wp\/v2\/posts\/48137\/revisions\/48139"}],"wp:featuredmedia":[{"embeddable":true,"href":"https:\/\/www.egemtv.com\/index.php?rest_route=\/wp\/v2\/media\/48138"}],"wp:attachment":[{"href":"https:\/\/www.egemtv.com\/index.php?rest_route=%2Fwp%2Fv2%2Fmedia&parent=48137"}],"wp:term":[{"taxonomy":"category","embeddable":true,"href":"https:\/\/www.egemtv.com\/index.php?rest_route=%2Fwp%2Fv2%2Fcategories&post=48137"},{"taxonomy":"post_tag","embeddable":true,"href":"https:\/\/www.egemtv.com\/index.php?rest_route=%2Fwp%2Fv2%2Ftags&post=48137"}],"curies":[{"name":"wp","href":"https:\/\/api.w.org\/{rel}","templated":true}]}}