{"id":48134,"date":"2025-08-11T15:35:02","date_gmt":"2025-08-11T12:35:02","guid":{"rendered":"https:\/\/www.egemtv.com\/?p=48134"},"modified":"2025-08-11T15:35:03","modified_gmt":"2025-08-11T12:35:03","slug":"isparta-32-sporun-kalecileri-yeni-sezona-hazir","status":"publish","type":"post","link":"https:\/\/www.egemtv.com\/?p=48134","title":{"rendered":"Isparta 32 Spor\u2019un kalecileri yeni sezona haz\u0131r"},"content":{"rendered":"<p>T\u00fcrkiye Futbol Federasyonu 2. Lig K\u0131rm\u0131z\u0131 Grup\u2019ta 2025-2026 sezonu haz\u0131rl\u0131klar\u0131n\u0131 s\u00fcrd\u00fcren Isparta32 Spor\u2019da kaleciler yo\u011fun tempoyla \u00e7al\u0131\u015f\u0131yor.<br \/>\n<br \/>Onur Behi\u00e7 \u00d6zalgan, Onur Can \u00d6zdemir ve Mehmet Kalkan, Kaleci Antren\u00f6r\u00fc Cemal Kartal nezaretinde ligde forma \u015fans\u0131 bulabilmek i\u00e7in antrenmanlarda ter d\u00f6k\u00fcyor. Yeni sezon \u00f6ncesi kaleci ekibinin performans\u0131ndan memnun olduklar\u0131n\u0131 belirten teknik heyet, rekabetin tak\u0131ma olumlu yans\u0131yaca\u011f\u0131n\u0131 ifade ettiler. Ye\u015fil-pembeliler, sezonun ilk ma\u00e7\u0131na kadar \u00e7al\u0131\u015fmalar\u0131n\u0131 yo\u011fun tempoda s\u00fcrd\u00fcrecek.<br \/><\/p>\n","protected":false},"excerpt":{"rendered":"<p>T\u00fcrkiye Futbol Federasyonu 2. Lig K\u0131rm\u0131z\u0131 Grup\u2019ta 2025-2026 sezonu haz\u0131rl\u0131klar\u0131n\u0131 s\u00fcrd\u00fcren Isparta32 Spor\u2019da kaleciler yo\u011fun tempoyla \u00e7al\u0131\u015f\u0131yor. Onur Behi\u00e7 \u00d6zalgan, Onur Can \u00d6zdemir ve Mehmet Kalkan, Kaleci Antren\u00f6r\u00fc Cemal Kartal nezaretinde ligde forma \u015fans\u0131 bulabilmek i\u00e7in antrenmanlarda ter d\u00f6k\u00fcyor. Yeni sezon \u00f6ncesi kaleci ekibinin performans\u0131ndan memnun olduklar\u0131n\u0131 belirten teknik heyet, rekabetin tak\u0131ma olumlu yans\u0131yaca\u011f\u0131n\u0131 ifade&#8230;<\/p>\n","protected":false},"author":1,"featured_media":48135,"comment_status":"open","ping_status":"open","sticky":false,"template":"","format":"standard","meta":{"_crdt_document":"","footnotes":""},"categories":[4],"tags":[],"class_list":["post-48134","post","type-post","status-publish","format-standard","has-post-thumbnail","hentry","category-spor"],"_links":{"self":[{"href":"https:\/\/www.egemtv.com\/index.php?rest_route=\/wp\/v2\/posts\/48134","targetHints":{"allow":["GET"]}}],"collection":[{"href":"https:\/\/www.egemtv.com\/index.php?rest_route=\/wp\/v2\/posts"}],"about":[{"href":"https:\/\/www.egemtv.com\/index.php?rest_route=\/wp\/v2\/types\/post"}],"author":[{"embeddable":true,"href":"https:\/\/www.egemtv.com\/index.php?rest_route=\/wp\/v2\/users\/1"}],"replies":[{"embeddable":true,"href":"https:\/\/www.egemtv.com\/index.php?rest_route=%2Fwp%2Fv2%2Fcomments&post=48134"}],"version-history":[{"count":1,"href":"https:\/\/www.egemtv.com\/index.php?rest_route=\/wp\/v2\/posts\/48134\/revisions"}],"predecessor-version":[{"id":48136,"href":"https:\/\/www.egemtv.com\/index.php?rest_route=\/wp\/v2\/posts\/48134\/revisions\/48136"}],"wp:featuredmedia":[{"embeddable":true,"href":"https:\/\/www.egemtv.com\/index.php?rest_route=\/wp\/v2\/media\/48135"}],"wp:attachment":[{"href":"https:\/\/www.egemtv.com\/index.php?rest_route=%2Fwp%2Fv2%2Fmedia&parent=48134"}],"wp:term":[{"taxonomy":"category","embeddable":true,"href":"https:\/\/www.egemtv.com\/index.php?rest_route=%2Fwp%2Fv2%2Fcategories&post=48134"},{"taxonomy":"post_tag","embeddable":true,"href":"https:\/\/www.egemtv.com\/index.php?rest_route=%2Fwp%2Fv2%2Ftags&post=48134"}],"curies":[{"name":"wp","href":"https:\/\/api.w.org\/{rel}","templated":true}]}}