{"id":48131,"date":"2025-08-11T15:35:01","date_gmt":"2025-08-11T12:35:01","guid":{"rendered":"https:\/\/www.egemtv.com\/?p=48131"},"modified":"2025-08-11T15:35:02","modified_gmt":"2025-08-11T12:35:02","slug":"tavani-coken-denizli-devlet-hastanesinin-bir-kati-kullanima-kapatildi","status":"publish","type":"post","link":"https:\/\/www.egemtv.com\/?p=48131","title":{"rendered":"Tavan\u0131 \u00e7\u00f6ken Denizli Devlet Hastanesinin bir kat\u0131 kullan\u0131ma kapat\u0131ld\u0131"},"content":{"rendered":"<p>Sa\u011flam de\u011fildir raporuna ra\u011fmen yeni Denizli \u015eehir Hastanesi in\u015faat\u0131n\u0131n tamamlanmas\u0131na kadar faaliyetine devam eden Denizli Devlet Hastanesini B blokun tavan\u0131 \u00e7\u00f6kt\u00fc. Katta bulunan hastalar tahliye edildi.<br \/>\n<br \/>Deprem riski raporlar\u0131nda sa\u011flam de\u011fildir raporu alan Denizli Devlet Hastanesinin tavan\u0131 \u00e7\u00f6kt\u00fc. Edinilen bilgilere g\u00f6re, Denizli Devlet Hastanesinin B blok 1\u2019inci katta hastanenin genel cerrahi ameliyat servisi koridorunun tavan\u0131n bir b\u00f6l\u00fcm\u00fcn\u00fcn aniden \u00e7\u00f6kt\u00fc. \u00c7\u00f6kmeden ya\u015fanan g\u00fcr\u00fclt\u00fc \u00fczerine b\u00f6lgede k\u0131sa s\u00fcreli panik ya\u015fand\u0131. O s\u0131rada koridorda hasta veya personelin bulunmamas\u0131 muhtemel bir faciay\u0131 \u00f6nledi. Katta bulunan  hasta ve doktorlar tahliye edilirken B blok 1\u2019inci kat hizmete kapat\u0131ld\u0131. Olay\u0131n ard\u0131ndan hastane y\u00f6netimi taraf\u0131ndan inceleme ba\u015flat\u0131l\u0131rken, \u00e7\u00f6kme ya\u015fanan alanda onar\u0131m \u00e7al\u0131\u015fmalar\u0131 ba\u015flat\u0131ld\u0131.<br \/>\n<br \/>2017 y\u0131l\u0131nda yap\u0131lan deprem riski incelesi yap\u0131lan hastanenin, kolon ve kiri\u015flerinin \u00e7\u00fcr\u00fck oldu\u011fu, hastanenin zemini de killi kumdan olu\u015ftu\u011fu  ve 4 metre derinlikte suya rastland\u0131\u011f\u0131 tespit edilerek depreme dayan\u0131ks\u0131zd\u0131r raporu verildi. Depreme dayan\u0131ks\u0131z olan hastanenin hizmet vermeye devam etmesi ve aniden tav\u0131n\u0131n \u00e7\u00f6kmesi tavan\u0131n \u00e7\u00f6kmesi herhangi bir depremde ya\u015fanacak facia tart\u0131\u015fmalar\u0131n\u0131 yeniden g\u00fcndeme getirdi.<br \/><\/p>\n","protected":false},"excerpt":{"rendered":"<p>Sa\u011flam de\u011fildir raporuna ra\u011fmen yeni Denizli \u015eehir Hastanesi in\u015faat\u0131n\u0131n tamamlanmas\u0131na kadar faaliyetine devam eden Denizli Devlet Hastanesini B blokun tavan\u0131 \u00e7\u00f6kt\u00fc. Katta bulunan hastalar tahliye edildi. Deprem riski raporlar\u0131nda sa\u011flam de\u011fildir raporu alan Denizli Devlet Hastanesinin tavan\u0131 \u00e7\u00f6kt\u00fc. Edinilen bilgilere g\u00f6re, Denizli Devlet Hastanesinin B blok 1\u2019inci katta hastanenin genel cerrahi ameliyat servisi koridorunun tavan\u0131n&#8230;<\/p>\n","protected":false},"author":1,"featured_media":48132,"comment_status":"open","ping_status":"open","sticky":false,"template":"","format":"standard","meta":{"_crdt_document":"","footnotes":""},"categories":[5],"tags":[],"class_list":["post-48131","post","type-post","status-publish","format-standard","has-post-thumbnail","hentry","category-asayis"],"_links":{"self":[{"href":"https:\/\/www.egemtv.com\/index.php?rest_route=\/wp\/v2\/posts\/48131","targetHints":{"allow":["GET"]}}],"collection":[{"href":"https:\/\/www.egemtv.com\/index.php?rest_route=\/wp\/v2\/posts"}],"about":[{"href":"https:\/\/www.egemtv.com\/index.php?rest_route=\/wp\/v2\/types\/post"}],"author":[{"embeddable":true,"href":"https:\/\/www.egemtv.com\/index.php?rest_route=\/wp\/v2\/users\/1"}],"replies":[{"embeddable":true,"href":"https:\/\/www.egemtv.com\/index.php?rest_route=%2Fwp%2Fv2%2Fcomments&post=48131"}],"version-history":[{"count":1,"href":"https:\/\/www.egemtv.com\/index.php?rest_route=\/wp\/v2\/posts\/48131\/revisions"}],"predecessor-version":[{"id":48133,"href":"https:\/\/www.egemtv.com\/index.php?rest_route=\/wp\/v2\/posts\/48131\/revisions\/48133"}],"wp:featuredmedia":[{"embeddable":true,"href":"https:\/\/www.egemtv.com\/index.php?rest_route=\/wp\/v2\/media\/48132"}],"wp:attachment":[{"href":"https:\/\/www.egemtv.com\/index.php?rest_route=%2Fwp%2Fv2%2Fmedia&parent=48131"}],"wp:term":[{"taxonomy":"category","embeddable":true,"href":"https:\/\/www.egemtv.com\/index.php?rest_route=%2Fwp%2Fv2%2Fcategories&post=48131"},{"taxonomy":"post_tag","embeddable":true,"href":"https:\/\/www.egemtv.com\/index.php?rest_route=%2Fwp%2Fv2%2Ftags&post=48131"}],"curies":[{"name":"wp","href":"https:\/\/api.w.org\/{rel}","templated":true}]}}