{"id":48128,"date":"2025-08-11T15:35:00","date_gmt":"2025-08-11T12:35:00","guid":{"rendered":"https:\/\/www.egemtv.com\/?p=48128"},"modified":"2025-08-11T15:35:01","modified_gmt":"2025-08-11T12:35:01","slug":"manisa-valiligi-kriz-merkezi-calismalarina-devam-ediyor","status":"publish","type":"post","link":"https:\/\/www.egemtv.com\/?p=48128","title":{"rendered":"Manisa Valili\u011fi Kriz Merkezi \u00e7al\u0131\u015fmalar\u0131na devam ediyor"},"content":{"rendered":"<p>Bal\u0131kesir\u2019in S\u0131nd\u0131rg\u0131 \u0130l\u00e7esinde d\u00fcn meydana gelen ve Manisa\u2019da da hasara sebep olan 6.1 b\u00fcy\u00fckl\u00fc\u011f\u00fcndeki deprem sonras\u0131 Manisa Valisi Vahdettin \u00d6zkan ba\u015fkanl\u0131\u011f\u0131nda kurulan kriz masas\u0131nda \u00e7al\u0131\u015fmalar devam ederken ihtiya\u00e7 duyulmas\u0131 halinde 2 bin 577 yatak kapasiteli yurt ve tesis aktif hale getirildi.<br \/>\n<br \/>Manisa Valisi Vahdettin \u00d6zkan ba\u015fkanl\u0131\u011f\u0131nda depremin ilk an\u0131nda olu\u015fturulan Valilik Kriz Merkezi koordinasyonunda, Afet M\u00fcdahale Plan\u0131 h\u0131zl\u0131ca devreye al\u0131nd\u0131. Plan kapsam\u0131nda il genelinde meydana gelen hasara ili\u015fkin saha \u00e7al\u0131\u015fmas\u0131 ve b\u00f6lgeye destek ekip g\u00f6nderilmesine ili\u015fkin planlamalar\u0131 yapmak \u00fczere g\u00f6revli t\u00fcm gruplar h\u0131zl\u0131 bir aksiyon ald\u0131. Depremin ilk an\u0131ndan itibaren \u00e7al\u0131\u015fmalar\u0131na ba\u015flayan ekipler, depremin il genelinde sebebiyet verdi\u011fi hasar\u0131 tespit etmek \u00fczere sahaya indi. Bununla birlikte deprem b\u00f6lgesine g\u00f6nderilecek destek ekipleri ve ihtiya\u00e7 halinde vatanda\u015flar\u0131n bar\u0131nmalar\u0131n\u0131 sa\u011flamak \u00fczere devlet yurtlar\u0131nda misafir edilebilmesi i\u00e7in haz\u0131rl\u0131klar yap\u0131ld\u0131.<br \/>\n<br \/>AFAD\u2019a ait tam donan\u0131ml\u0131 5 arama ve kurtarma arac\u0131 18 AKT personel ile hasar alan b\u00f6lgeler ba\u015fta olmak \u00fczere ke\u015fif ve m\u00fcdahale i\u00e7in il\u00e7elerde g\u00f6revlendirildi.<br \/>\n<br \/>\u0130lk belirlemelere g\u00f6re \u0130l genelinde bir k\u0131sm\u0131 metruk toplam 60 yap\u0131n\u0131n depremden etkilendi\u011fi bilgisi \u00fczerine incelemeye al\u0131nd\u0131. \u0130htiya\u00e7 olmas\u0131 halinde Akhisar, G\u00f6rdes, Demirci ve K\u0131rka\u011fa\u00e7 il\u00e7elerinde 2 bin 577 yatak kapasiteli yurt ve tesis aktif hale getirildi.<\/p>\n<p>Bal\u0131kesir\u2019e destek ekibi g\u00f6nderildi<br \/>\n<br \/>Afet M\u00fcdahale Plan\u0131 kapsam\u0131nda Vali \u00d6zkan ba\u015fkanl\u0131\u011f\u0131nda y\u00fcr\u00fct\u00fclen \u00e7al\u0131\u015fmalar ile sa\u011flanan koordinasyon ile depremin hemen sonras\u0131nda S\u0131nd\u0131rg\u0131 il\u00e7esine Manisa\u2019dan destek ekipleri y\u00f6nlendirildi. Bal\u0131kesir\u2019e 1 Jandarma Arama Kurtarma Timi, 1 AKUT Ekibi, 2 tam donan\u0131ml\u0131 AFAD arama kurtarma arac\u0131, 6 UMKE arac\u0131, 2 ambulans, 1 acil m\u00fcdahale \u00fcnitesi, 3 itfaiye ekibi, 2 ikram arac\u0131 ve 55 personelin b\u00f6lgeye sevki sa\u011fland\u0131.<br \/>\n<br \/>\u0130lk etapta ihtiya\u00e7 duyulan arama-kurtarma, sa\u011fl\u0131k ve beslenme gruplar\u0131 deprem b\u00f6lgesine y\u00f6nlendirilirken, ihtiya\u00e7 olmas\u0131 halinde yeni ekiplerin sevki i\u00e7in ilgili t\u00fcm birimlerin teyakkuz haline ge\u00e7irildi.<br \/>\n<br \/>\u0130l genelinde depremden etkilenen mahallelerde 17 personelden olu\u015fan 5 hasar ve zarar tespit gurubunun saha tespit \u00e7al\u0131\u015fmalar\u0131na devam etti\u011fi bununla birlikte Akhisar, Soma ve Demirci il\u00e7elerinde 10 personelden olu\u015fan psikososyal destek ekiplerinin alanda ve hastanelerde g\u00f6r\u00fc\u015fmeler yaparak vatanda\u015flara psikososyal destek sa\u011flad\u0131\u011f\u0131 belirtildi.<br \/><\/p>\n","protected":false},"excerpt":{"rendered":"<p>Bal\u0131kesir\u2019in S\u0131nd\u0131rg\u0131 \u0130l\u00e7esinde d\u00fcn meydana gelen ve Manisa\u2019da da hasara sebep olan 6.1 b\u00fcy\u00fckl\u00fc\u011f\u00fcndeki deprem sonras\u0131 Manisa Valisi Vahdettin \u00d6zkan ba\u015fkanl\u0131\u011f\u0131nda kurulan kriz masas\u0131nda \u00e7al\u0131\u015fmalar devam ederken ihtiya\u00e7 duyulmas\u0131 halinde 2 bin 577 yatak kapasiteli yurt ve tesis aktif hale getirildi. Manisa Valisi Vahdettin \u00d6zkan ba\u015fkanl\u0131\u011f\u0131nda depremin ilk an\u0131nda olu\u015fturulan Valilik Kriz Merkezi koordinasyonunda, Afet&#8230;<\/p>\n","protected":false},"author":1,"featured_media":48129,"comment_status":"open","ping_status":"open","sticky":false,"template":"","format":"standard","meta":{"_crdt_document":"","footnotes":""},"categories":[5],"tags":[],"class_list":["post-48128","post","type-post","status-publish","format-standard","has-post-thumbnail","hentry","category-asayis"],"_links":{"self":[{"href":"https:\/\/www.egemtv.com\/index.php?rest_route=\/wp\/v2\/posts\/48128","targetHints":{"allow":["GET"]}}],"collection":[{"href":"https:\/\/www.egemtv.com\/index.php?rest_route=\/wp\/v2\/posts"}],"about":[{"href":"https:\/\/www.egemtv.com\/index.php?rest_route=\/wp\/v2\/types\/post"}],"author":[{"embeddable":true,"href":"https:\/\/www.egemtv.com\/index.php?rest_route=\/wp\/v2\/users\/1"}],"replies":[{"embeddable":true,"href":"https:\/\/www.egemtv.com\/index.php?rest_route=%2Fwp%2Fv2%2Fcomments&post=48128"}],"version-history":[{"count":1,"href":"https:\/\/www.egemtv.com\/index.php?rest_route=\/wp\/v2\/posts\/48128\/revisions"}],"predecessor-version":[{"id":48130,"href":"https:\/\/www.egemtv.com\/index.php?rest_route=\/wp\/v2\/posts\/48128\/revisions\/48130"}],"wp:featuredmedia":[{"embeddable":true,"href":"https:\/\/www.egemtv.com\/index.php?rest_route=\/wp\/v2\/media\/48129"}],"wp:attachment":[{"href":"https:\/\/www.egemtv.com\/index.php?rest_route=%2Fwp%2Fv2%2Fmedia&parent=48128"}],"wp:term":[{"taxonomy":"category","embeddable":true,"href":"https:\/\/www.egemtv.com\/index.php?rest_route=%2Fwp%2Fv2%2Fcategories&post=48128"},{"taxonomy":"post_tag","embeddable":true,"href":"https:\/\/www.egemtv.com\/index.php?rest_route=%2Fwp%2Fv2%2Ftags&post=48128"}],"curies":[{"name":"wp","href":"https:\/\/api.w.org\/{rel}","templated":true}]}}