{"id":48125,"date":"2025-08-11T15:15:15","date_gmt":"2025-08-11T12:15:15","guid":{"rendered":"https:\/\/www.egemtv.com\/?p=48125"},"modified":"2025-08-11T15:15:16","modified_gmt":"2025-08-11T12:15:16","slug":"somada-orman-yangini","status":"publish","type":"post","link":"https:\/\/www.egemtv.com\/?p=48125","title":{"rendered":"Soma\u2019da orman yang\u0131n\u0131"},"content":{"rendered":"<p>Manisa\u2019n\u0131n Soma il\u00e7esinde devlet hastanesinin arka taraf\u0131nda yer alan ormanl\u0131k alanda \u00e7\u0131kan yang\u0131na havadan ve karadan m\u00fcdahale ediliyor.<br \/>\n<br \/>Manisa\u2019n\u0131n Soma il\u00e7esinde devlet hastanesinin arka taraf\u0131ndaki ormanl\u0131k alanda yang\u0131n \u00e7\u0131kt\u0131. Yang\u0131na \u0130zmir Orman B\u00f6lge M\u00fcd\u00fcrl\u00fc\u011f\u00fc\u2019ne ba\u011fl\u0131 ekipler taraf\u0131nda havadan ve karadan m\u00fcdahale ediliyor. Manisa B\u00fcy\u00fck\u015fehir Belediyesi \u0130tfaiye Dairesi Ba\u015fkanl\u0131\u011f\u0131 ekiplerinin de destek verdi\u011fi yang\u0131n\u0131n s\u00f6nd\u00fcr\u00fclmesi i\u00e7in \u00e7al\u0131\u015fmalar s\u00fcrerken, alevlerin hastaneye yak\u0131n olmas\u0131 endi\u015fe uyand\u0131rd\u0131.<br \/><\/p>\n","protected":false},"excerpt":{"rendered":"<p>Manisa\u2019n\u0131n Soma il\u00e7esinde devlet hastanesinin arka taraf\u0131nda yer alan ormanl\u0131k alanda \u00e7\u0131kan yang\u0131na havadan ve karadan m\u00fcdahale ediliyor. Manisa\u2019n\u0131n Soma il\u00e7esinde devlet hastanesinin arka taraf\u0131ndaki ormanl\u0131k alanda yang\u0131n \u00e7\u0131kt\u0131. Yang\u0131na \u0130zmir Orman B\u00f6lge M\u00fcd\u00fcrl\u00fc\u011f\u00fc\u2019ne ba\u011fl\u0131 ekipler taraf\u0131nda havadan ve karadan m\u00fcdahale ediliyor. Manisa B\u00fcy\u00fck\u015fehir Belediyesi \u0130tfaiye Dairesi Ba\u015fkanl\u0131\u011f\u0131 ekiplerinin de destek verdi\u011fi yang\u0131n\u0131n s\u00f6nd\u00fcr\u00fclmesi i\u00e7in&#8230;<\/p>\n","protected":false},"author":1,"featured_media":48126,"comment_status":"open","ping_status":"open","sticky":false,"template":"","format":"standard","meta":{"_crdt_document":"","footnotes":""},"categories":[5],"tags":[],"class_list":["post-48125","post","type-post","status-publish","format-standard","has-post-thumbnail","hentry","category-asayis"],"_links":{"self":[{"href":"https:\/\/www.egemtv.com\/index.php?rest_route=\/wp\/v2\/posts\/48125","targetHints":{"allow":["GET"]}}],"collection":[{"href":"https:\/\/www.egemtv.com\/index.php?rest_route=\/wp\/v2\/posts"}],"about":[{"href":"https:\/\/www.egemtv.com\/index.php?rest_route=\/wp\/v2\/types\/post"}],"author":[{"embeddable":true,"href":"https:\/\/www.egemtv.com\/index.php?rest_route=\/wp\/v2\/users\/1"}],"replies":[{"embeddable":true,"href":"https:\/\/www.egemtv.com\/index.php?rest_route=%2Fwp%2Fv2%2Fcomments&post=48125"}],"version-history":[{"count":1,"href":"https:\/\/www.egemtv.com\/index.php?rest_route=\/wp\/v2\/posts\/48125\/revisions"}],"predecessor-version":[{"id":48127,"href":"https:\/\/www.egemtv.com\/index.php?rest_route=\/wp\/v2\/posts\/48125\/revisions\/48127"}],"wp:featuredmedia":[{"embeddable":true,"href":"https:\/\/www.egemtv.com\/index.php?rest_route=\/wp\/v2\/media\/48126"}],"wp:attachment":[{"href":"https:\/\/www.egemtv.com\/index.php?rest_route=%2Fwp%2Fv2%2Fmedia&parent=48125"}],"wp:term":[{"taxonomy":"category","embeddable":true,"href":"https:\/\/www.egemtv.com\/index.php?rest_route=%2Fwp%2Fv2%2Fcategories&post=48125"},{"taxonomy":"post_tag","embeddable":true,"href":"https:\/\/www.egemtv.com\/index.php?rest_route=%2Fwp%2Fv2%2Ftags&post=48125"}],"curies":[{"name":"wp","href":"https:\/\/api.w.org\/{rel}","templated":true}]}}