{"id":48122,"date":"2025-08-11T15:15:15","date_gmt":"2025-08-11T12:15:15","guid":{"rendered":"https:\/\/www.egemtv.com\/?p=48122"},"modified":"2025-08-11T15:15:15","modified_gmt":"2025-08-11T12:15:15","slug":"gorme-engelli-satranc-ustalari-denizlide-bulustu","status":"publish","type":"post","link":"https:\/\/www.egemtv.com\/?p=48122","title":{"rendered":"G\u00f6rme engelli satran\u00e7 ustalar\u0131 Denizli\u2019de bulu\u015ftu"},"content":{"rendered":"<p>Denizli\u2019nin ev sahipli\u011finde 05-10 A\u011fustos tarihleri aras\u0131nda d\u00fczenlenen G\u00f6rme Engelliler T\u00fcrkiye Satran\u00e7 \u015eampiyonas\u0131 d\u00fczenlendi. Turnuvada  dereceye giren sporcular\u0131n \u00f6d\u00fclleri protokol taraf\u0131ndan takdim edildi.<br \/>\n<br \/>T\u00fcrkiye Satran\u00e7 Federasyonu ve Denizli Gen\u00e7lik Spor \u0130l M\u00fcd\u00fcrl\u00fc\u011f\u00fc organizasyonunda 05-10 A\u011fustos tarihleri aras\u0131nda G\u00f6rme Engelliler T\u00fcrkiye Satran\u00e7 \u015eampiyonas\u0131 yap\u0131ld\u0131. Pamukkale Satran\u00e7 Salonunda yap\u0131lan organizasyona 110 sporcu kat\u0131ld\u0131. Alt\u0131 g\u00fcn s\u00fcren \u015eampiyonada sporcular k\u00fcrs\u00fcde yer alabilmek i\u00e7in hamle yapt\u0131.10 A\u011fustos Pazar g\u00fcn\u00fc tamamlanana \u015fampiyona sonunda \u00f6d\u00fcl t\u00f6reni ger\u00e7ekle\u015fti. Turnuva sonunda toplam 200 bin TL para \u00f6d\u00fcl\u00fc ile kupa ve madalyalar\u0131 T\u00fcrkiye Satran\u00e7 Federasyonu Asba\u015fkan\u0131 Se\u00e7kin Serpil ile Gen\u00e7lik ve Spor \u0130l M\u00fcd\u00fcrl\u00fc\u011f\u00fc Yurt Hizmetleri M\u00fcd\u00fcr\u00fc Tekin Kazak taraf\u0131ndan dereceye giren sporculara takdim edildi.<br \/><\/p>\n","protected":false},"excerpt":{"rendered":"<p>Denizli\u2019nin ev sahipli\u011finde 05-10 A\u011fustos tarihleri aras\u0131nda d\u00fczenlenen G\u00f6rme Engelliler T\u00fcrkiye Satran\u00e7 \u015eampiyonas\u0131 d\u00fczenlendi. Turnuvada dereceye giren sporcular\u0131n \u00f6d\u00fclleri protokol taraf\u0131ndan takdim edildi. T\u00fcrkiye Satran\u00e7 Federasyonu ve Denizli Gen\u00e7lik Spor \u0130l M\u00fcd\u00fcrl\u00fc\u011f\u00fc organizasyonunda 05-10 A\u011fustos tarihleri aras\u0131nda G\u00f6rme Engelliler T\u00fcrkiye Satran\u00e7 \u015eampiyonas\u0131 yap\u0131ld\u0131. Pamukkale Satran\u00e7 Salonunda yap\u0131lan organizasyona 110 sporcu kat\u0131ld\u0131. Alt\u0131 g\u00fcn s\u00fcren \u015eampiyonada&#8230;<\/p>\n","protected":false},"author":1,"featured_media":48123,"comment_status":"open","ping_status":"open","sticky":false,"template":"","format":"standard","meta":{"_crdt_document":"","footnotes":""},"categories":[4],"tags":[],"class_list":["post-48122","post","type-post","status-publish","format-standard","has-post-thumbnail","hentry","category-spor"],"_links":{"self":[{"href":"https:\/\/www.egemtv.com\/index.php?rest_route=\/wp\/v2\/posts\/48122","targetHints":{"allow":["GET"]}}],"collection":[{"href":"https:\/\/www.egemtv.com\/index.php?rest_route=\/wp\/v2\/posts"}],"about":[{"href":"https:\/\/www.egemtv.com\/index.php?rest_route=\/wp\/v2\/types\/post"}],"author":[{"embeddable":true,"href":"https:\/\/www.egemtv.com\/index.php?rest_route=\/wp\/v2\/users\/1"}],"replies":[{"embeddable":true,"href":"https:\/\/www.egemtv.com\/index.php?rest_route=%2Fwp%2Fv2%2Fcomments&post=48122"}],"version-history":[{"count":1,"href":"https:\/\/www.egemtv.com\/index.php?rest_route=\/wp\/v2\/posts\/48122\/revisions"}],"predecessor-version":[{"id":48124,"href":"https:\/\/www.egemtv.com\/index.php?rest_route=\/wp\/v2\/posts\/48122\/revisions\/48124"}],"wp:featuredmedia":[{"embeddable":true,"href":"https:\/\/www.egemtv.com\/index.php?rest_route=\/wp\/v2\/media\/48123"}],"wp:attachment":[{"href":"https:\/\/www.egemtv.com\/index.php?rest_route=%2Fwp%2Fv2%2Fmedia&parent=48122"}],"wp:term":[{"taxonomy":"category","embeddable":true,"href":"https:\/\/www.egemtv.com\/index.php?rest_route=%2Fwp%2Fv2%2Fcategories&post=48122"},{"taxonomy":"post_tag","embeddable":true,"href":"https:\/\/www.egemtv.com\/index.php?rest_route=%2Fwp%2Fv2%2Ftags&post=48122"}],"curies":[{"name":"wp","href":"https:\/\/api.w.org\/{rel}","templated":true}]}}