{"id":48113,"date":"2025-08-11T14:34:44","date_gmt":"2025-08-11T11:34:44","guid":{"rendered":"https:\/\/www.egemtv.com\/?p=48113"},"modified":"2025-08-11T14:34:44","modified_gmt":"2025-08-11T11:34:44","slug":"aydinda-col-sicaklarindan-olumsuz-etkilenen-develer-yikamaya-alindi","status":"publish","type":"post","link":"https:\/\/www.egemtv.com\/?p=48113","title":{"rendered":"Ayd\u0131n\u2019da \u00e7\u00f6l s\u0131caklar\u0131ndan olumsuz etkilenen develer y\u0131kamaya al\u0131nd\u0131"},"content":{"rendered":"<p>Y\u0131l\u0131n en s\u0131cak g\u00fcnlerinin ya\u015fand\u0131\u011f\u0131 Ayd\u0131n\u2019da \u00e7\u00f6l hayvan\u0131 olarak bilinene develer Ayd\u0131n\u2019\u0131n kavurucu s\u0131caklar\u0131ndan olumsuz etkilenerek strese girdi. Bir tonun \u00fczerindeki c\u00fcsseleri ve olduk\u00e7a dayan\u0131kl\u0131 olmalar\u0131na ra\u011fmen Ayd\u0131n\u2019\u0131n s\u0131ca\u011f\u0131na dayanmakta g\u00fc\u00e7l\u00fck \u00e7eken pehlivan develeri rahatlatmak i\u00e7in deveciler deve y\u0131kama mesaisine ba\u015flad\u0131.<br \/>\n<br \/>T\u00fcrkiye\u2019de en fazla deve varl\u0131\u011f\u0131na sahip illerin ba\u015f\u0131nda yer alan ve Ayd\u0131n\u2019da as\u0131rl\u0131k gelenekleri s\u00fcrd\u00fcren develere mevsim normalleri \u00fczerinde seyreden s\u0131caklar nedeniyle adeta banyo yapt\u0131r\u0131l\u0131yor. \u00d6nce katran kar\u0131\u015f\u0131m\u0131 zeytinya\u011f\u0131 ile ya\u011flan\u0131p sonra da sabunla y\u0131kanan develerin bu i\u015flemden stresten kurtuldu\u011fu ve ha\u015ferelerden de olumsuz etkilenmedi\u011fi belirtildi.<br \/>\n<br \/>\u00c7\u00f6l hayvan\u0131 olmalar\u0131na ra\u011fmen ya\u015fanan a\u015f\u0131r\u0131 s\u0131caklardan dolay\u0131 develerin \u00e7ok rahats\u0131z oldu\u011funu belirten Ayd\u0131n B\u00f6lgesi\u2019nin \u00f6nde gelen devecilerinden Erdin\u00e7 Ak\u00e7ay, &#8220;\u00c7\u00f6l s\u0131caklar\u0131n\u0131n etkili oldu\u011fu Ayd\u0131n\u2019da yaz boyu periyodik aral\u0131klarla develeri ya\u011flay\u0131p y\u0131kayarak rahatlatmaya \u00e7al\u0131\u015f\u0131yoruz. Devecilik maddi manevi fedakarl\u0131k isteyen bir i\u015f. Zor ve zahmetli, bir i\u015f ama g\u00fcl\u00fc seven dikenini katlan\u0131yor. Bu uygulama devenin rahat\u0131n\u0131n yan\u0131nda sa\u011fl\u0131\u011f\u0131 i\u00e7in de \u00e7ok \u00f6nemli. Ya\u011flan\u0131p y\u0131kanan develer hem s\u0131caklara kar\u015f\u0131 rahatlar hem de devede maraz, parazit varsa temizlenir&#8221; diye konu\u015ftu.<br \/><\/p>\n","protected":false},"excerpt":{"rendered":"<p>Y\u0131l\u0131n en s\u0131cak g\u00fcnlerinin ya\u015fand\u0131\u011f\u0131 Ayd\u0131n\u2019da \u00e7\u00f6l hayvan\u0131 olarak bilinene develer Ayd\u0131n\u2019\u0131n kavurucu s\u0131caklar\u0131ndan olumsuz etkilenerek strese girdi. Bir tonun \u00fczerindeki c\u00fcsseleri ve olduk\u00e7a dayan\u0131kl\u0131 olmalar\u0131na ra\u011fmen Ayd\u0131n\u2019\u0131n s\u0131ca\u011f\u0131na dayanmakta g\u00fc\u00e7l\u00fck \u00e7eken pehlivan develeri rahatlatmak i\u00e7in deveciler deve y\u0131kama mesaisine ba\u015flad\u0131. T\u00fcrkiye\u2019de en fazla deve varl\u0131\u011f\u0131na sahip illerin ba\u015f\u0131nda yer alan ve Ayd\u0131n\u2019da as\u0131rl\u0131k gelenekleri&#8230;<\/p>\n","protected":false},"author":1,"featured_media":48114,"comment_status":"open","ping_status":"open","sticky":false,"template":"","format":"standard","meta":{"_crdt_document":"","footnotes":""},"categories":[1],"tags":[],"class_list":["post-48113","post","type-post","status-publish","format-standard","has-post-thumbnail","hentry","category-guncel"],"_links":{"self":[{"href":"https:\/\/www.egemtv.com\/index.php?rest_route=\/wp\/v2\/posts\/48113","targetHints":{"allow":["GET"]}}],"collection":[{"href":"https:\/\/www.egemtv.com\/index.php?rest_route=\/wp\/v2\/posts"}],"about":[{"href":"https:\/\/www.egemtv.com\/index.php?rest_route=\/wp\/v2\/types\/post"}],"author":[{"embeddable":true,"href":"https:\/\/www.egemtv.com\/index.php?rest_route=\/wp\/v2\/users\/1"}],"replies":[{"embeddable":true,"href":"https:\/\/www.egemtv.com\/index.php?rest_route=%2Fwp%2Fv2%2Fcomments&post=48113"}],"version-history":[{"count":1,"href":"https:\/\/www.egemtv.com\/index.php?rest_route=\/wp\/v2\/posts\/48113\/revisions"}],"predecessor-version":[{"id":48115,"href":"https:\/\/www.egemtv.com\/index.php?rest_route=\/wp\/v2\/posts\/48113\/revisions\/48115"}],"wp:featuredmedia":[{"embeddable":true,"href":"https:\/\/www.egemtv.com\/index.php?rest_route=\/wp\/v2\/media\/48114"}],"wp:attachment":[{"href":"https:\/\/www.egemtv.com\/index.php?rest_route=%2Fwp%2Fv2%2Fmedia&parent=48113"}],"wp:term":[{"taxonomy":"category","embeddable":true,"href":"https:\/\/www.egemtv.com\/index.php?rest_route=%2Fwp%2Fv2%2Fcategories&post=48113"},{"taxonomy":"post_tag","embeddable":true,"href":"https:\/\/www.egemtv.com\/index.php?rest_route=%2Fwp%2Fv2%2Ftags&post=48113"}],"curies":[{"name":"wp","href":"https:\/\/api.w.org\/{rel}","templated":true}]}}