{"id":48110,"date":"2025-08-11T14:15:38","date_gmt":"2025-08-11T11:15:38","guid":{"rendered":"https:\/\/www.egemtv.com\/?p=48110"},"modified":"2025-08-11T14:15:39","modified_gmt":"2025-08-11T11:15:39","slug":"bozdoganda-14-madran-baba-senligi-coskusu","status":"publish","type":"post","link":"https:\/\/www.egemtv.com\/?p=48110","title":{"rendered":"Bozdo\u011fan\u2019da 14. Madran Baba \u015eenli\u011fi co\u015fkusu"},"content":{"rendered":"<p>Bozdo\u011fan\u2019\u0131n Alamut Mahallesi\u2019nde, Alamut Cemevi Derne\u011fi taraf\u0131ndan geleneksel hale getirilen 14. Madran Baba \u015eenli\u011fi yo\u011fun kat\u0131l\u0131mla ger\u00e7ekle\u015ftirildi.<\/p>\n<p>Etkinli\u011fe; Bozdo\u011fan Belediye Ba\u015fkan\u0131 Mustafa Galip \u00d6zel, Ku\u015fadas\u0131 Belediye Ba\u015fkan\u0131 \u00d6mer G\u00fcnel, \u0130ncirliova Belediye Ba\u015fkan\u0131 Aytekin Kaya, belediye meclis \u00fcyeleri ile \u00e7evre il\u00e7elerden \u00e7ok say\u0131da vatanda\u015f kat\u0131ld\u0131. Bozdo\u011fan Belediye Ba\u015fkan\u0131 Mustafa Galip \u00d6zel yapt\u0131\u011f\u0131 konu\u015fmada, &#8220;Karde\u015fli\u011fin, ho\u015fg\u00f6r\u00fcn\u00fcn ve birlik beraberli\u011fin simgesi olan bu g\u00fczel g\u00fcnde, hem k\u00fclt\u00fcr\u00fcm\u00fcz\u00fc ya\u015fatman\u0131n hem de bir arada olman\u0131n mutlulu\u011funu payla\u015ft\u0131k&#8221; dedi.<\/p>\n<p>Ku\u015fadas\u0131 Belediye Ba\u015fkan\u0131 \u00d6mer G\u00fcnel ise, &#8220;Bozdo\u011fan Alamut\u2019ta Cemevi Derne\u011fi\u2019nin d\u00fczenledi\u011fi 14. Madran Baba \u015eenli\u011fi\u2019nde canlar\u0131m\u0131zla bir araya geldik. Payla\u015fman\u0131n, dayan\u0131\u015fman\u0131n ve karde\u015fli\u011fin hissedildi\u011fi bu g\u00fczel g\u00fcnde birlikte olmaktan mutluluk duydum. Nazik ev sahipli\u011fi ve misafirperverlikleri i\u00e7in Alamut Cemevi Derne\u011fi\u2019ne ve eme\u011fi ge\u00e7en herkese te\u015fekk\u00fcr ediyorum&#8221; ifadelerini kulland\u0131.<\/p>\n<p>\u0130ncirliova Belediye Ba\u015fkan\u0131 Aytekin Kaya,&#8221;Alamut Cemevi Derne\u011fi\u2019nin d\u00fczenlemi\u015f oldu\u011fu 14. Madran Baba \u015eenli\u011fi\u2019ne kat\u0131larak canlarla g\u00f6n\u00fcllerimizi birledik. Birlik ve beraberli\u011fimizi peki\u015ftiren bu anlaml\u0131 etkinli\u011fin haz\u0131rlanmas\u0131nda eme\u011fi ge\u00e7en t\u00fcm canlara te\u015fekk\u00fcr ediyor, Bozdo\u011fan Belediye Ba\u015fkan\u0131 Say\u0131n Mustafa Galip \u00d6zel\u2019e ve Alamut Cemevi Derne\u011fi\u2019ne nazik ev sahipli\u011fi ve misafirperverli\u011fi i\u00e7in te\u015fekk\u00fcr ediyorum&#8221; ifadelerini kulland\u0131.<\/p>\n<p>\u015eenlikte, sunuculu\u011funu Ya\u011f\u0131z Kams\u0131z\u2019\u0131n yapt\u0131\u011f\u0131 programda sanat\u00e7\u0131lar sahne alarak t\u00fcrk\u00fcler seslendirdi. Semah ekipleri ise sahne performanslar\u0131yla izleyicilere unutulmaz anlar ya\u015fatt\u0131.<br \/><\/p>\n","protected":false},"excerpt":{"rendered":"<p>Bozdo\u011fan\u2019\u0131n Alamut Mahallesi\u2019nde, Alamut Cemevi Derne\u011fi taraf\u0131ndan geleneksel hale getirilen 14. Madran Baba \u015eenli\u011fi yo\u011fun kat\u0131l\u0131mla ger\u00e7ekle\u015ftirildi. Etkinli\u011fe; Bozdo\u011fan Belediye Ba\u015fkan\u0131 Mustafa Galip \u00d6zel, Ku\u015fadas\u0131 Belediye Ba\u015fkan\u0131 \u00d6mer G\u00fcnel, \u0130ncirliova Belediye Ba\u015fkan\u0131 Aytekin Kaya, belediye meclis \u00fcyeleri ile \u00e7evre il\u00e7elerden \u00e7ok say\u0131da vatanda\u015f kat\u0131ld\u0131. Bozdo\u011fan Belediye Ba\u015fkan\u0131 Mustafa Galip \u00d6zel yapt\u0131\u011f\u0131 konu\u015fmada, &#8220;Karde\u015fli\u011fin, ho\u015fg\u00f6r\u00fcn\u00fcn ve&#8230;<\/p>\n","protected":false},"author":1,"featured_media":48111,"comment_status":"open","ping_status":"open","sticky":false,"template":"","format":"standard","meta":{"_crdt_document":"","footnotes":""},"categories":[1],"tags":[],"class_list":["post-48110","post","type-post","status-publish","format-standard","has-post-thumbnail","hentry","category-guncel"],"_links":{"self":[{"href":"https:\/\/www.egemtv.com\/index.php?rest_route=\/wp\/v2\/posts\/48110","targetHints":{"allow":["GET"]}}],"collection":[{"href":"https:\/\/www.egemtv.com\/index.php?rest_route=\/wp\/v2\/posts"}],"about":[{"href":"https:\/\/www.egemtv.com\/index.php?rest_route=\/wp\/v2\/types\/post"}],"author":[{"embeddable":true,"href":"https:\/\/www.egemtv.com\/index.php?rest_route=\/wp\/v2\/users\/1"}],"replies":[{"embeddable":true,"href":"https:\/\/www.egemtv.com\/index.php?rest_route=%2Fwp%2Fv2%2Fcomments&post=48110"}],"version-history":[{"count":1,"href":"https:\/\/www.egemtv.com\/index.php?rest_route=\/wp\/v2\/posts\/48110\/revisions"}],"predecessor-version":[{"id":48112,"href":"https:\/\/www.egemtv.com\/index.php?rest_route=\/wp\/v2\/posts\/48110\/revisions\/48112"}],"wp:featuredmedia":[{"embeddable":true,"href":"https:\/\/www.egemtv.com\/index.php?rest_route=\/wp\/v2\/media\/48111"}],"wp:attachment":[{"href":"https:\/\/www.egemtv.com\/index.php?rest_route=%2Fwp%2Fv2%2Fmedia&parent=48110"}],"wp:term":[{"taxonomy":"category","embeddable":true,"href":"https:\/\/www.egemtv.com\/index.php?rest_route=%2Fwp%2Fv2%2Fcategories&post=48110"},{"taxonomy":"post_tag","embeddable":true,"href":"https:\/\/www.egemtv.com\/index.php?rest_route=%2Fwp%2Fv2%2Ftags&post=48110"}],"curies":[{"name":"wp","href":"https:\/\/api.w.org\/{rel}","templated":true}]}}