{"id":48107,"date":"2025-08-11T14:15:38","date_gmt":"2025-08-11T11:15:38","guid":{"rendered":"https:\/\/www.egemtv.com\/?p=48107"},"modified":"2025-08-11T14:15:38","modified_gmt":"2025-08-11T11:15:38","slug":"hisarcik-muhtarindan-baskan-tetike-tesekkur","status":"publish","type":"post","link":"https:\/\/www.egemtv.com\/?p=48107","title":{"rendered":"Hisarc\u0131k muhtar\u0131ndan Ba\u015fkan Tetik\u2019e te\u015fekk\u00fcr"},"content":{"rendered":"<p>Nazilli Belediyesi Park ve Bah\u00e7eler M\u00fcd\u00fcrl\u00fc\u011f\u00fc ekipleri, k\u0131rsal mahallelerde ba\u015flatt\u0131\u011f\u0131 \u00e7al\u0131\u015fmalar kapsam\u0131nda, merkezden yakla\u015f\u0131k 15 kilometre uzakl\u0131ktaki Hisarc\u0131k\u2019ta ot bi\u00e7me, budama ve detayl\u0131 temizlik faaliyeti ger\u00e7ekle\u015ftirdi.<br \/>\n<br \/>\u015eehrin genel g\u00f6r\u00fcn\u00fcm\u00fcn\u00fcn iyile\u015ftirilmesi i\u00e7in \u00e7al\u0131\u015fmalar\u0131na h\u0131z veren Nazilli Belediyesi, yaln\u0131zca merkez noktalara de\u011fil k\u0131rsal mahallere de hizmet g\u00f6t\u00fcrmeye devam ediyor. Sabah erken saatlerde \u00e7al\u0131\u015fmalara ba\u015flayan Nazilli Belediyesi Park ve Bah\u00e7eler M\u00fcd\u00fcrl\u00fc\u011f\u00fc ekipleri, mahallenin giri\u015f noktas\u0131ndan itibaren yabani otlar\u0131 bi\u00e7erek \u00e7\u00f6pleri tek tek toplad\u0131.<br \/>\n<br \/>Belediye ekiplerinin \u00e7al\u0131\u015fmalar\u0131na destek veren Hisarc\u0131k Mahalle Muhtar\u0131 Ali Ba\u015fo\u011flu; &#8220;Nazilli\u2019mizin en g\u00fczel mahallelerinden Hisarc\u0131k\u2019ta dip k\u00f6\u015fe \u00e7al\u0131\u015fan t\u00fcm belediye ekiplerine te\u015fekk\u00fcr ediyoruz. Yaz aylar\u0131n\u0131n \u00e7ok s\u0131cak ge\u00e7mesi nedeniyle yollar\u0131m\u0131zda \u00e7ok fazla kuru ve yabani ot vard\u0131. Ba\u015fkan\u0131m\u0131z sa\u011f olsun ekipleri mahallemize g\u00f6nderdi. \u00d6zverili hizmetlerinden dolay\u0131 belediyemize te\u015fekk\u00fcrediyorum&#8221;dedi.<br \/><\/p>\n","protected":false},"excerpt":{"rendered":"<p>Nazilli Belediyesi Park ve Bah\u00e7eler M\u00fcd\u00fcrl\u00fc\u011f\u00fc ekipleri, k\u0131rsal mahallelerde ba\u015flatt\u0131\u011f\u0131 \u00e7al\u0131\u015fmalar kapsam\u0131nda, merkezden yakla\u015f\u0131k 15 kilometre uzakl\u0131ktaki Hisarc\u0131k\u2019ta ot bi\u00e7me, budama ve detayl\u0131 temizlik faaliyeti ger\u00e7ekle\u015ftirdi. \u015eehrin genel g\u00f6r\u00fcn\u00fcm\u00fcn\u00fcn iyile\u015ftirilmesi i\u00e7in \u00e7al\u0131\u015fmalar\u0131na h\u0131z veren Nazilli Belediyesi, yaln\u0131zca merkez noktalara de\u011fil k\u0131rsal mahallere de hizmet g\u00f6t\u00fcrmeye devam ediyor. Sabah erken saatlerde \u00e7al\u0131\u015fmalara ba\u015flayan Nazilli Belediyesi Park&#8230;<\/p>\n","protected":false},"author":1,"featured_media":48108,"comment_status":"open","ping_status":"open","sticky":false,"template":"","format":"standard","meta":{"_crdt_document":"","footnotes":""},"categories":[1],"tags":[],"class_list":["post-48107","post","type-post","status-publish","format-standard","has-post-thumbnail","hentry","category-guncel"],"_links":{"self":[{"href":"https:\/\/www.egemtv.com\/index.php?rest_route=\/wp\/v2\/posts\/48107","targetHints":{"allow":["GET"]}}],"collection":[{"href":"https:\/\/www.egemtv.com\/index.php?rest_route=\/wp\/v2\/posts"}],"about":[{"href":"https:\/\/www.egemtv.com\/index.php?rest_route=\/wp\/v2\/types\/post"}],"author":[{"embeddable":true,"href":"https:\/\/www.egemtv.com\/index.php?rest_route=\/wp\/v2\/users\/1"}],"replies":[{"embeddable":true,"href":"https:\/\/www.egemtv.com\/index.php?rest_route=%2Fwp%2Fv2%2Fcomments&post=48107"}],"version-history":[{"count":1,"href":"https:\/\/www.egemtv.com\/index.php?rest_route=\/wp\/v2\/posts\/48107\/revisions"}],"predecessor-version":[{"id":48109,"href":"https:\/\/www.egemtv.com\/index.php?rest_route=\/wp\/v2\/posts\/48107\/revisions\/48109"}],"wp:featuredmedia":[{"embeddable":true,"href":"https:\/\/www.egemtv.com\/index.php?rest_route=\/wp\/v2\/media\/48108"}],"wp:attachment":[{"href":"https:\/\/www.egemtv.com\/index.php?rest_route=%2Fwp%2Fv2%2Fmedia&parent=48107"}],"wp:term":[{"taxonomy":"category","embeddable":true,"href":"https:\/\/www.egemtv.com\/index.php?rest_route=%2Fwp%2Fv2%2Fcategories&post=48107"},{"taxonomy":"post_tag","embeddable":true,"href":"https:\/\/www.egemtv.com\/index.php?rest_route=%2Fwp%2Fv2%2Ftags&post=48107"}],"curies":[{"name":"wp","href":"https:\/\/api.w.org\/{rel}","templated":true}]}}