{"id":48104,"date":"2025-08-11T14:15:37","date_gmt":"2025-08-11T11:15:37","guid":{"rendered":"https:\/\/www.egemtv.com\/?p=48104"},"modified":"2025-08-11T14:15:37","modified_gmt":"2025-08-11T11:15:37","slug":"bozdogan-belediyesi-kazandereye-kalici-cozum-sundu","status":"publish","type":"post","link":"https:\/\/www.egemtv.com\/?p=48104","title":{"rendered":"Bozdo\u011fan Belediyesi, Kazandere\u2019ye kal\u0131c\u0131 \u00e7\u00f6z\u00fcm sundu"},"content":{"rendered":"<p>Ayd\u0131n\u2019\u0131n Bozdo\u011fan il\u00e7esine ba\u011fl\u0131 Kazandere Mahallesi\u2019nde uzun y\u0131llard\u0131r \u00e7\u00f6z\u00fcme kavu\u015fturulmas\u0131 beklenen sorunlara Belediye Ba\u015fkan\u0131 Galip \u00d6zel, kal\u0131c\u0131 \u00e7\u00f6z\u00fcm sundu.<br \/>\n<br \/>Bozdo\u011fan Belediyesi, Kazandere Mahallesi\u2019nde uzun s\u00fcredir \u00e7\u00f6z\u00fcm bekleyen \u00f6nemli bir \u00fcstyap\u0131 sorununu daha \u00e7\u00f6z\u00fcme kavu\u015fturdu. Acil yard\u0131m ara\u00e7lar\u0131n\u0131n dahi giri\u015f yapmakta zorland\u0131\u011f\u0131 dar sokaklar, belediye ekiplerinin \u00f6zverili \u00e7al\u0131\u015fmalar\u0131yla geni\u015fletildi. Yap\u0131lan yol geni\u015fletme \u00e7al\u0131\u015fmas\u0131n\u0131n ard\u0131ndan ta\u015f duvar yap\u0131m\u0131 tamamlanarak mahalleye kal\u0131c\u0131 ve g\u00fcvenli bir \u00e7\u00f6z\u00fcm sunuldu.<br \/>\n<br \/>Kazandere Mahallesi Muhtar\u0131 Murat Siber ve mahalle sakinleri, y\u0131llard\u0131r \u00e7\u00f6z\u00fcm bekleyen bu sorunun giderilmesinden dolay\u0131 Bozdo\u011fan Belediye Ba\u015fkan\u0131 Mustafa Galip \u00d6zel\u2019e ve belediye ekiplerine te\u015fekk\u00fcr etti. \u00c7al\u0131\u015fmalar\u0131n mahallede ula\u015f\u0131m\u0131 kolayla\u015ft\u0131rd\u0131\u011f\u0131, \u00f6zellikle sa\u011fl\u0131k ve acil durum m\u00fcdahalelerinde b\u00fcy\u00fck kolayl\u0131k sa\u011flayaca\u011f\u0131 belirtildi. Bozdo\u011fan Belediyesi, il\u00e7enin farkl\u0131 noktalar\u0131ndaki kronikle\u015fmi\u015f sorunlar\u0131 bir bir \u00e7\u00f6z\u00fcme kavu\u015fturma hedefiyle \u00e7al\u0131\u015fmalar\u0131n\u0131 s\u00fcrd\u00fcr\u00fcyor.<br \/><\/p>\n","protected":false},"excerpt":{"rendered":"<p>Ayd\u0131n\u2019\u0131n Bozdo\u011fan il\u00e7esine ba\u011fl\u0131 Kazandere Mahallesi\u2019nde uzun y\u0131llard\u0131r \u00e7\u00f6z\u00fcme kavu\u015fturulmas\u0131 beklenen sorunlara Belediye Ba\u015fkan\u0131 Galip \u00d6zel, kal\u0131c\u0131 \u00e7\u00f6z\u00fcm sundu. Bozdo\u011fan Belediyesi, Kazandere Mahallesi\u2019nde uzun s\u00fcredir \u00e7\u00f6z\u00fcm bekleyen \u00f6nemli bir \u00fcstyap\u0131 sorununu daha \u00e7\u00f6z\u00fcme kavu\u015fturdu. Acil yard\u0131m ara\u00e7lar\u0131n\u0131n dahi giri\u015f yapmakta zorland\u0131\u011f\u0131 dar sokaklar, belediye ekiplerinin \u00f6zverili \u00e7al\u0131\u015fmalar\u0131yla geni\u015fletildi. Yap\u0131lan yol geni\u015fletme \u00e7al\u0131\u015fmas\u0131n\u0131n ard\u0131ndan ta\u015f duvar&#8230;<\/p>\n","protected":false},"author":1,"featured_media":48105,"comment_status":"open","ping_status":"open","sticky":false,"template":"","format":"standard","meta":{"_crdt_document":"","footnotes":""},"categories":[1],"tags":[],"class_list":["post-48104","post","type-post","status-publish","format-standard","has-post-thumbnail","hentry","category-guncel"],"_links":{"self":[{"href":"https:\/\/www.egemtv.com\/index.php?rest_route=\/wp\/v2\/posts\/48104","targetHints":{"allow":["GET"]}}],"collection":[{"href":"https:\/\/www.egemtv.com\/index.php?rest_route=\/wp\/v2\/posts"}],"about":[{"href":"https:\/\/www.egemtv.com\/index.php?rest_route=\/wp\/v2\/types\/post"}],"author":[{"embeddable":true,"href":"https:\/\/www.egemtv.com\/index.php?rest_route=\/wp\/v2\/users\/1"}],"replies":[{"embeddable":true,"href":"https:\/\/www.egemtv.com\/index.php?rest_route=%2Fwp%2Fv2%2Fcomments&post=48104"}],"version-history":[{"count":1,"href":"https:\/\/www.egemtv.com\/index.php?rest_route=\/wp\/v2\/posts\/48104\/revisions"}],"predecessor-version":[{"id":48106,"href":"https:\/\/www.egemtv.com\/index.php?rest_route=\/wp\/v2\/posts\/48104\/revisions\/48106"}],"wp:featuredmedia":[{"embeddable":true,"href":"https:\/\/www.egemtv.com\/index.php?rest_route=\/wp\/v2\/media\/48105"}],"wp:attachment":[{"href":"https:\/\/www.egemtv.com\/index.php?rest_route=%2Fwp%2Fv2%2Fmedia&parent=48104"}],"wp:term":[{"taxonomy":"category","embeddable":true,"href":"https:\/\/www.egemtv.com\/index.php?rest_route=%2Fwp%2Fv2%2Fcategories&post=48104"},{"taxonomy":"post_tag","embeddable":true,"href":"https:\/\/www.egemtv.com\/index.php?rest_route=%2Fwp%2Fv2%2Ftags&post=48104"}],"curies":[{"name":"wp","href":"https:\/\/api.w.org\/{rel}","templated":true}]}}