{"id":48101,"date":"2025-08-11T13:55:00","date_gmt":"2025-08-11T10:55:00","guid":{"rendered":"https:\/\/www.egemtv.com\/?p=48101"},"modified":"2025-08-11T13:55:01","modified_gmt":"2025-08-11T10:55:01","slug":"baskan-cercioglu-ates-savascilari-ile-bir-araya-geldi","status":"publish","type":"post","link":"https:\/\/www.egemtv.com\/?p=48101","title":{"rendered":"Ba\u015fkan \u00c7er\u00e7io\u011flu ate\u015f sava\u015f\u00e7\u0131lar\u0131 ile bir araya geldi"},"content":{"rendered":"<p>Ayd\u0131n B\u00fcy\u00fck\u015fehir Belediye Ba\u015fkan\u0131 \u00d6zlem \u00c7er\u00e7io\u011flu, Nazilli Belediye Ba\u015fkan\u0131 Ertu\u011frul Tetik ile birlikte yang\u0131nlara h\u0131zla m\u00fcdahale ederek facialar\u0131n \u00f6n\u00fcne ge\u00e7meye devam eden B\u00fcy\u00fck\u015fehir Belediyesi \u0130tfaiyesi\u2019ni ziyaret etti. Ba\u015fkan \u00c7er\u00e7io\u011flu, &#8220;Ate\u015f sava\u015f\u00e7\u0131lar\u0131m\u0131z\u0131n yapt\u0131klar\u0131 i\u015f \u00e7ok k\u0131ymetli, onlarla her zaman gurur duyuyoruz&#8221; dedi.<\/p>\n<p>T\u00fcrkiye\u2019nin en ba\u015far\u0131l\u0131 itfaiye ekiplerinden biri olan Ayd\u0131n B\u00fcy\u00fck\u015fehir Belediyesi \u0130tfaiye Daire Ba\u015fkanl\u0131\u011f\u0131 ekipleri, \u00f6zellikle yaz mevsiminde olu\u015fan yang\u0131nlara h\u0131zl\u0131 bir \u015fekilde m\u00fcdahale etmeye devam ediyor. \u00d6zverili \u00e7al\u0131\u015fmalar\u0131ndan dolay\u0131 itfaiye ekiplerini tebrik eden \u00c7er\u00e7io\u011flu, \u2018\u2018Ekiplerimiz yaln\u0131zca yang\u0131nlarda de\u011fil, her t\u00fcrl\u00fc afette vatanda\u015f\u0131m\u0131z\u0131n yan\u0131nda. Vatanda\u015flar\u0131m\u0131z\u0131n can ve mal g\u00fcvenli\u011fi i\u00e7in mesai mefhumu g\u00f6zetmeksizin g\u00f6revlerinin ba\u015f\u0131ndalar. 40 yeni arac\u0131m\u0131z\u0131 da filomuza kazand\u0131rarak m\u00fcdahale g\u00fcc\u00fcm\u00fcz\u00fc daha da art\u0131raca\u011f\u0131z. Bu zorlu g\u00f6revi b\u00fcy\u00fck bir disiplinle s\u00fcrd\u00fcren ate\u015f sava\u015f\u00e7\u0131lar\u0131m\u0131z\u0131 g\u00f6sterdi\u011fi \u00fcst\u00fcn \u00e7aba nedeniyle tebrik ediyorum\u2019\u2019 diye konu\u015ftu. \u00c7er\u00e7io\u011flu, kad\u0131n itfaiyecilerin ba\u015far\u0131s\u0131na da dikkat \u00e7ekerek, &#8220;Aram\u0131zda g\u00f6revini ayn\u0131 kararl\u0131l\u0131kla yerine getiren kad\u0131n itfaiyecilerimizin varl\u0131\u011f\u0131 bizlere ayr\u0131 bir gurur veriyor&#8221; ifadelerini kulland\u0131.<\/p>\n<p>Vatanda\u015flar\u0131 da yang\u0131nlara kar\u015f\u0131 daha duyarl\u0131 olmaya davet eden \u00c7er\u00e7io\u011flu, \u2018\u2018Yang\u0131n riskine kar\u015f\u0131 dikkatli olmal\u0131, kurallara uymal\u0131y\u0131z. G\u00fczel kentimizin ayd\u0131nl\u0131k yar\u0131nlar\u0131 i\u00e7in hepimizin sorumluluk bilinciyle hareket etmesi b\u00fcy\u00fck \u00f6nem ta\u015f\u0131yor\u2019\u2019 diye konu\u015ftu.<br \/><\/p>\n","protected":false},"excerpt":{"rendered":"<p>Ayd\u0131n B\u00fcy\u00fck\u015fehir Belediye Ba\u015fkan\u0131 \u00d6zlem \u00c7er\u00e7io\u011flu, Nazilli Belediye Ba\u015fkan\u0131 Ertu\u011frul Tetik ile birlikte yang\u0131nlara h\u0131zla m\u00fcdahale ederek facialar\u0131n \u00f6n\u00fcne ge\u00e7meye devam eden B\u00fcy\u00fck\u015fehir Belediyesi \u0130tfaiyesi\u2019ni ziyaret etti. Ba\u015fkan \u00c7er\u00e7io\u011flu, &#8220;Ate\u015f sava\u015f\u00e7\u0131lar\u0131m\u0131z\u0131n yapt\u0131klar\u0131 i\u015f \u00e7ok k\u0131ymetli, onlarla her zaman gurur duyuyoruz&#8221; dedi. T\u00fcrkiye\u2019nin en ba\u015far\u0131l\u0131 itfaiye ekiplerinden biri olan Ayd\u0131n B\u00fcy\u00fck\u015fehir Belediyesi \u0130tfaiye Daire Ba\u015fkanl\u0131\u011f\u0131 ekipleri,&#8230;<\/p>\n","protected":false},"author":1,"featured_media":48102,"comment_status":"open","ping_status":"open","sticky":false,"template":"","format":"standard","meta":{"_crdt_document":"","footnotes":""},"categories":[1],"tags":[],"class_list":["post-48101","post","type-post","status-publish","format-standard","has-post-thumbnail","hentry","category-guncel"],"_links":{"self":[{"href":"https:\/\/www.egemtv.com\/index.php?rest_route=\/wp\/v2\/posts\/48101","targetHints":{"allow":["GET"]}}],"collection":[{"href":"https:\/\/www.egemtv.com\/index.php?rest_route=\/wp\/v2\/posts"}],"about":[{"href":"https:\/\/www.egemtv.com\/index.php?rest_route=\/wp\/v2\/types\/post"}],"author":[{"embeddable":true,"href":"https:\/\/www.egemtv.com\/index.php?rest_route=\/wp\/v2\/users\/1"}],"replies":[{"embeddable":true,"href":"https:\/\/www.egemtv.com\/index.php?rest_route=%2Fwp%2Fv2%2Fcomments&post=48101"}],"version-history":[{"count":1,"href":"https:\/\/www.egemtv.com\/index.php?rest_route=\/wp\/v2\/posts\/48101\/revisions"}],"predecessor-version":[{"id":48103,"href":"https:\/\/www.egemtv.com\/index.php?rest_route=\/wp\/v2\/posts\/48101\/revisions\/48103"}],"wp:featuredmedia":[{"embeddable":true,"href":"https:\/\/www.egemtv.com\/index.php?rest_route=\/wp\/v2\/media\/48102"}],"wp:attachment":[{"href":"https:\/\/www.egemtv.com\/index.php?rest_route=%2Fwp%2Fv2%2Fmedia&parent=48101"}],"wp:term":[{"taxonomy":"category","embeddable":true,"href":"https:\/\/www.egemtv.com\/index.php?rest_route=%2Fwp%2Fv2%2Fcategories&post=48101"},{"taxonomy":"post_tag","embeddable":true,"href":"https:\/\/www.egemtv.com\/index.php?rest_route=%2Fwp%2Fv2%2Ftags&post=48101"}],"curies":[{"name":"wp","href":"https:\/\/api.w.org\/{rel}","templated":true}]}}