{"id":48098,"date":"2025-08-11T13:54:59","date_gmt":"2025-08-11T10:54:59","guid":{"rendered":"https:\/\/www.egemtv.com\/?p=48098"},"modified":"2025-08-11T13:55:00","modified_gmt":"2025-08-11T10:55:00","slug":"sindirgi-depreminde-hisarcikta-samanlik-yikildi-belediye-hizmet-binasinin-sivalari-dokuldu","status":"publish","type":"post","link":"https:\/\/www.egemtv.com\/?p=48098","title":{"rendered":"S\u0131nd\u0131rg\u0131 depreminde Hisarc\u0131k\u2019ta samanl\u0131k y\u0131k\u0131ld\u0131, belediye hizmet binas\u0131n\u0131n s\u0131valar\u0131 d\u00f6k\u00fcld\u00fc"},"content":{"rendered":"<p>Bal\u0131kesir\u2019in S\u0131nd\u0131rg\u0131 il\u00e7esinde meydana gelen ve K\u00fctahya\u2019n\u0131n Hisarc\u0131k il\u00e7esinde de hissedilen 6,1 b\u00fcy\u00fckl\u00fc\u011f\u00fcndeki depremde bir samanl\u0131k y\u0131k\u0131ld\u0131, belediye hizmet binas\u0131n\u0131n d\u0131\u015f duvarlar\u0131n\u0131n s\u0131valar\u0131nda da d\u00f6k\u00fclmeler meydana geldi.<br \/>\n<br \/>D\u00fcn ak\u015fam 19.53\u2019te meydana gelen depremde Hisarc\u0131k\u2019a ba\u011fl\u0131 Hasanlar k\u00f6y\u00fcnde \u0130smail G\u00fcltekin\u2019e ait kerpi\u00e7ten yap\u0131lma eski samanl\u0131k y\u0131k\u0131ld\u0131. Hisarc\u0131k Belediyesi hizmet binas\u0131n\u0131n d\u0131\u015f cephesinin baz\u0131 b\u00f6l\u00fcmlerindeki s\u0131valarda da d\u00f6k\u00fclmeler meydana geldi.<br \/><\/p>\n","protected":false},"excerpt":{"rendered":"<p>Bal\u0131kesir\u2019in S\u0131nd\u0131rg\u0131 il\u00e7esinde meydana gelen ve K\u00fctahya\u2019n\u0131n Hisarc\u0131k il\u00e7esinde de hissedilen 6,1 b\u00fcy\u00fckl\u00fc\u011f\u00fcndeki depremde bir samanl\u0131k y\u0131k\u0131ld\u0131, belediye hizmet binas\u0131n\u0131n d\u0131\u015f duvarlar\u0131n\u0131n s\u0131valar\u0131nda da d\u00f6k\u00fclmeler meydana geldi. D\u00fcn ak\u015fam 19.53\u2019te meydana gelen depremde Hisarc\u0131k\u2019a ba\u011fl\u0131 Hasanlar k\u00f6y\u00fcnde \u0130smail G\u00fcltekin\u2019e ait kerpi\u00e7ten yap\u0131lma eski samanl\u0131k y\u0131k\u0131ld\u0131. Hisarc\u0131k Belediyesi hizmet binas\u0131n\u0131n d\u0131\u015f cephesinin baz\u0131 b\u00f6l\u00fcmlerindeki s\u0131valarda da&#8230;<\/p>\n","protected":false},"author":1,"featured_media":48099,"comment_status":"open","ping_status":"open","sticky":false,"template":"","format":"standard","meta":{"_crdt_document":"","footnotes":""},"categories":[5],"tags":[],"class_list":["post-48098","post","type-post","status-publish","format-standard","has-post-thumbnail","hentry","category-asayis"],"_links":{"self":[{"href":"https:\/\/www.egemtv.com\/index.php?rest_route=\/wp\/v2\/posts\/48098","targetHints":{"allow":["GET"]}}],"collection":[{"href":"https:\/\/www.egemtv.com\/index.php?rest_route=\/wp\/v2\/posts"}],"about":[{"href":"https:\/\/www.egemtv.com\/index.php?rest_route=\/wp\/v2\/types\/post"}],"author":[{"embeddable":true,"href":"https:\/\/www.egemtv.com\/index.php?rest_route=\/wp\/v2\/users\/1"}],"replies":[{"embeddable":true,"href":"https:\/\/www.egemtv.com\/index.php?rest_route=%2Fwp%2Fv2%2Fcomments&post=48098"}],"version-history":[{"count":1,"href":"https:\/\/www.egemtv.com\/index.php?rest_route=\/wp\/v2\/posts\/48098\/revisions"}],"predecessor-version":[{"id":48100,"href":"https:\/\/www.egemtv.com\/index.php?rest_route=\/wp\/v2\/posts\/48098\/revisions\/48100"}],"wp:featuredmedia":[{"embeddable":true,"href":"https:\/\/www.egemtv.com\/index.php?rest_route=\/wp\/v2\/media\/48099"}],"wp:attachment":[{"href":"https:\/\/www.egemtv.com\/index.php?rest_route=%2Fwp%2Fv2%2Fmedia&parent=48098"}],"wp:term":[{"taxonomy":"category","embeddable":true,"href":"https:\/\/www.egemtv.com\/index.php?rest_route=%2Fwp%2Fv2%2Fcategories&post=48098"},{"taxonomy":"post_tag","embeddable":true,"href":"https:\/\/www.egemtv.com\/index.php?rest_route=%2Fwp%2Fv2%2Ftags&post=48098"}],"curies":[{"name":"wp","href":"https:\/\/api.w.org\/{rel}","templated":true}]}}