{"id":48095,"date":"2025-08-11T13:54:58","date_gmt":"2025-08-11T10:54:58","guid":{"rendered":"https:\/\/www.egemtv.com\/?p=48095"},"modified":"2025-08-11T13:54:59","modified_gmt":"2025-08-11T10:54:59","slug":"germencikteki-orman-yangini-kontrol-altina-alindi","status":"publish","type":"post","link":"https:\/\/www.egemtv.com\/?p=48095","title":{"rendered":"Germencik\u2019teki orman yang\u0131n\u0131 kontrol alt\u0131na al\u0131nd\u0131"},"content":{"rendered":"<p>Ayd\u0131n\u2019\u0131n Germencik il\u00e7esinde ormanl\u0131k alanda meydana gelen yang\u0131n\u0131 havadan ve karadan h\u0131zl\u0131 m\u00fcdahale ile kontrol alt\u0131na al\u0131nd\u0131.<\/p>\n<p>Yang\u0131n, k\u0131rsal Da\u011fyeni Mahallesi yak\u0131nlar\u0131nda saat 11.00 s\u0131ralar\u0131nda meydana geldi. Edinilen bilgiye g\u00f6re, ormanl\u0131k alandan alevlerin y\u00fckseldi\u011fini fark eden vatanda\u015flar durumu 112 Acil \u00c7a\u011fr\u0131 Merkezi\u2019ne bildirdi. \u0130hbar \u00fczerine k\u0131sa s\u00fcrede b\u00f6lgeye gelen Mu\u011fla Orman B\u00f6lge M\u00fcd\u00fcrl\u00fc\u011f\u00fc ve Ayd\u0131n B\u00fcy\u00fck\u015fehir Belediyesi \u0130tfaiye Daire Ba\u015fkanl\u0131\u011f\u0131 ekipleri yang\u0131na karadan m\u00fcdahale etti. Yang\u0131n s\u00f6nd\u00fcrme u\u00e7ak ve helikopterleri de sortileri ile havadan destek verdi. Havadan ve karadan yap\u0131lan h\u0131zl\u0131 m\u00fcdahaleler sonucunda alevlerin \u00f6n\u00fc yerle\u015fim yerleri ve blok ormanl\u0131k alana ula\u015fmadan kesildi.<\/p>\n<p>Kaymakam Do\u011fru yang\u0131n b\u00f6lgesinde incelemelerde bulundu<br \/>\n<br \/>Germencik Kaymakam\u0131 Sultan Do\u011fru Da\u011fyeni Mahallesi\u2019ndeki yang\u0131n b\u00f6lgesine giderek yang\u0131nla ilgili bilgi al\u0131p incelemelerde bulundu. Kaymakam Do\u011fru, yang\u0131n\u0131n ekiplerin h\u0131zl\u0131 m\u00fcdahalesiyle kontrol alt\u0131na al\u0131nd\u0131\u011f\u0131 ve s\u00f6nd\u00fcrme \u00e7al\u0131\u015fmalar\u0131n\u0131n devam etti\u011fini belirtti. Do\u011fru, ayr\u0131ca vatanda\u015flar\u0131n yang\u0131n riski ta\u015f\u0131yan alanlarda dikkatli ve duyarl\u0131 olmalar\u0131n\u0131 isteyerek herhangi bir yang\u0131n veya duman fark ettiklerinde ivedilikle 112 Acil \u00c7a\u011fr\u0131 Merkezi\u2019ne bilgi vermelerinin b\u00fcy\u00fck \u00f6nem ta\u015f\u0131d\u0131\u011f\u0131n\u0131 kaydetti.<br \/><\/p>\n","protected":false},"excerpt":{"rendered":"<p>Ayd\u0131n\u2019\u0131n Germencik il\u00e7esinde ormanl\u0131k alanda meydana gelen yang\u0131n\u0131 havadan ve karadan h\u0131zl\u0131 m\u00fcdahale ile kontrol alt\u0131na al\u0131nd\u0131. Yang\u0131n, k\u0131rsal Da\u011fyeni Mahallesi yak\u0131nlar\u0131nda saat 11.00 s\u0131ralar\u0131nda meydana geldi. Edinilen bilgiye g\u00f6re, ormanl\u0131k alandan alevlerin y\u00fckseldi\u011fini fark eden vatanda\u015flar durumu 112 Acil \u00c7a\u011fr\u0131 Merkezi\u2019ne bildirdi. \u0130hbar \u00fczerine k\u0131sa s\u00fcrede b\u00f6lgeye gelen Mu\u011fla Orman B\u00f6lge M\u00fcd\u00fcrl\u00fc\u011f\u00fc ve Ayd\u0131n&#8230;<\/p>\n","protected":false},"author":1,"featured_media":48096,"comment_status":"open","ping_status":"open","sticky":false,"template":"","format":"standard","meta":{"_crdt_document":"","footnotes":""},"categories":[5],"tags":[],"class_list":["post-48095","post","type-post","status-publish","format-standard","has-post-thumbnail","hentry","category-asayis"],"_links":{"self":[{"href":"https:\/\/www.egemtv.com\/index.php?rest_route=\/wp\/v2\/posts\/48095","targetHints":{"allow":["GET"]}}],"collection":[{"href":"https:\/\/www.egemtv.com\/index.php?rest_route=\/wp\/v2\/posts"}],"about":[{"href":"https:\/\/www.egemtv.com\/index.php?rest_route=\/wp\/v2\/types\/post"}],"author":[{"embeddable":true,"href":"https:\/\/www.egemtv.com\/index.php?rest_route=\/wp\/v2\/users\/1"}],"replies":[{"embeddable":true,"href":"https:\/\/www.egemtv.com\/index.php?rest_route=%2Fwp%2Fv2%2Fcomments&post=48095"}],"version-history":[{"count":1,"href":"https:\/\/www.egemtv.com\/index.php?rest_route=\/wp\/v2\/posts\/48095\/revisions"}],"predecessor-version":[{"id":48097,"href":"https:\/\/www.egemtv.com\/index.php?rest_route=\/wp\/v2\/posts\/48095\/revisions\/48097"}],"wp:featuredmedia":[{"embeddable":true,"href":"https:\/\/www.egemtv.com\/index.php?rest_route=\/wp\/v2\/media\/48096"}],"wp:attachment":[{"href":"https:\/\/www.egemtv.com\/index.php?rest_route=%2Fwp%2Fv2%2Fmedia&parent=48095"}],"wp:term":[{"taxonomy":"category","embeddable":true,"href":"https:\/\/www.egemtv.com\/index.php?rest_route=%2Fwp%2Fv2%2Fcategories&post=48095"},{"taxonomy":"post_tag","embeddable":true,"href":"https:\/\/www.egemtv.com\/index.php?rest_route=%2Fwp%2Fv2%2Ftags&post=48095"}],"curies":[{"name":"wp","href":"https:\/\/api.w.org\/{rel}","templated":true}]}}