{"id":48092,"date":"2025-08-11T13:54:58","date_gmt":"2025-08-11T10:54:58","guid":{"rendered":"https:\/\/www.egemtv.com\/?p=48092"},"modified":"2025-08-11T13:54:58","modified_gmt":"2025-08-11T10:54:58","slug":"manisali-judocu-balkan-sampiyonu","status":"publish","type":"post","link":"https:\/\/www.egemtv.com\/?p=48092","title":{"rendered":"Manisal\u0131 judocu Balkan \u015eampiyonu"},"content":{"rendered":"<p>Yunusemre Belediyespor\u2019un milli judocusu Irmak Ceylin G\u00fc\u00e7tekin, Edirne\u2019de d\u00fczenlenen Gen\u00e7ler Balkan \u015eampiyonas\u0131\u2019nda alt\u0131n madalya kazanarak Manisa ve T\u00fcrkiye\u2019nin gururu oldu.<br \/>\n<br \/>Yunusemre Belediyespor\u2019un milli judocusu Irmak Ceylin G\u00fc\u00e7tekin, kat\u0131ld\u0131\u011f\u0131 ulusal ve uluslararas\u0131 m\u00fcsabakalarda ba\u015far\u0131dan ba\u015far\u0131ya ko\u015fuyor. Gen\u00e7 sporcu, 9-10 A\u011fustos tarihlerinde 10 \u00fclkeden 145 sporcunun kat\u0131l\u0131m\u0131yla Edirne\u2019de d\u00fczenlenen Gen\u00e7ler Balkan Judo \u015eampiyonas\u0131\u2019nda +78 kiloda \u015fampiyon olarak T\u00fcrkiye\u2019ye alt\u0131n madalya kazand\u0131rd\u0131. Irmak Ceylin G\u00fc\u00e7tekin ayr\u0131ca milli tak\u0131m\u0131m\u0131z ile kat\u0131ld\u0131\u011f\u0131 tak\u0131mlar m\u00fcsabakalar\u0131nda ise Balkan 2\u2019ncisi olarak g\u00fcm\u00fc\u015f madalya kazand\u0131. Hem bireyselde hem de tak\u0131mlarda Manisa\u2019ya iki madalya ile d\u00f6nen Irmak, ge\u00e7en y\u0131l da Karada\u011f\u2019da yap\u0131lan \u00dcmitler Balkan \u015eampiyonas\u0131\u2019nda alt\u0131n madalyan\u0131n sahibi olmu\u015ftu. Irmak\u2019\u0131n \u00fcst \u00fcste iki y\u0131l \u0130stikl\u00e2l Mar\u015f\u0131\u2019m\u0131z\u0131 dinletti\u011finin alt\u0131n\u0131 \u00e7izen Yunusemre Belediyespor Ba\u015fkan\u0131 B\u00fclent Kanik, &#8220;Sporcumuz Irmak Ceylin G\u00fc\u00e7tekin\u2019in \u00fcst \u00fcste iki y\u0131l Balkan \u015fampiyonu olarak bizlere ya\u015fatt\u0131\u011f\u0131 gurur tarif edilemez. \u00dclkemizi ve kul\u00fcb\u00fcm\u00fcz\u00fc en iyi \u015fekilde temsil eden sporcumuzu ve de\u011ferli antren\u00f6rlerimizi kutluyorum. Bu b\u00fcy\u00fck ba\u015far\u0131n\u0131n, gelecek nesil sporcular\u0131m\u0131za ilham olaca\u011f\u0131na y\u00fcrekten inan\u0131yoruz&#8221; diye konu\u015ftu.<br \/><\/p>\n","protected":false},"excerpt":{"rendered":"<p>Yunusemre Belediyespor\u2019un milli judocusu Irmak Ceylin G\u00fc\u00e7tekin, Edirne\u2019de d\u00fczenlenen Gen\u00e7ler Balkan \u015eampiyonas\u0131\u2019nda alt\u0131n madalya kazanarak Manisa ve T\u00fcrkiye\u2019nin gururu oldu. Yunusemre Belediyespor\u2019un milli judocusu Irmak Ceylin G\u00fc\u00e7tekin, kat\u0131ld\u0131\u011f\u0131 ulusal ve uluslararas\u0131 m\u00fcsabakalarda ba\u015far\u0131dan ba\u015far\u0131ya ko\u015fuyor. Gen\u00e7 sporcu, 9-10 A\u011fustos tarihlerinde 10 \u00fclkeden 145 sporcunun kat\u0131l\u0131m\u0131yla Edirne\u2019de d\u00fczenlenen Gen\u00e7ler Balkan Judo \u015eampiyonas\u0131\u2019nda +78 kiloda \u015fampiyon olarak&#8230;<\/p>\n","protected":false},"author":1,"featured_media":48093,"comment_status":"open","ping_status":"open","sticky":false,"template":"","format":"standard","meta":{"_crdt_document":"","footnotes":""},"categories":[4],"tags":[],"class_list":["post-48092","post","type-post","status-publish","format-standard","has-post-thumbnail","hentry","category-spor"],"_links":{"self":[{"href":"https:\/\/www.egemtv.com\/index.php?rest_route=\/wp\/v2\/posts\/48092","targetHints":{"allow":["GET"]}}],"collection":[{"href":"https:\/\/www.egemtv.com\/index.php?rest_route=\/wp\/v2\/posts"}],"about":[{"href":"https:\/\/www.egemtv.com\/index.php?rest_route=\/wp\/v2\/types\/post"}],"author":[{"embeddable":true,"href":"https:\/\/www.egemtv.com\/index.php?rest_route=\/wp\/v2\/users\/1"}],"replies":[{"embeddable":true,"href":"https:\/\/www.egemtv.com\/index.php?rest_route=%2Fwp%2Fv2%2Fcomments&post=48092"}],"version-history":[{"count":1,"href":"https:\/\/www.egemtv.com\/index.php?rest_route=\/wp\/v2\/posts\/48092\/revisions"}],"predecessor-version":[{"id":48094,"href":"https:\/\/www.egemtv.com\/index.php?rest_route=\/wp\/v2\/posts\/48092\/revisions\/48094"}],"wp:featuredmedia":[{"embeddable":true,"href":"https:\/\/www.egemtv.com\/index.php?rest_route=\/wp\/v2\/media\/48093"}],"wp:attachment":[{"href":"https:\/\/www.egemtv.com\/index.php?rest_route=%2Fwp%2Fv2%2Fmedia&parent=48092"}],"wp:term":[{"taxonomy":"category","embeddable":true,"href":"https:\/\/www.egemtv.com\/index.php?rest_route=%2Fwp%2Fv2%2Fcategories&post=48092"},{"taxonomy":"post_tag","embeddable":true,"href":"https:\/\/www.egemtv.com\/index.php?rest_route=%2Fwp%2Fv2%2Ftags&post=48092"}],"curies":[{"name":"wp","href":"https:\/\/api.w.org\/{rel}","templated":true}]}}