{"id":48089,"date":"2025-08-11T13:54:57","date_gmt":"2025-08-11T10:54:57","guid":{"rendered":"https:\/\/www.egemtv.com\/?p=48089"},"modified":"2025-08-11T13:54:58","modified_gmt":"2025-08-11T10:54:58","slug":"hasar-goren-camide-inceleme-yapmak-isteyen-vatandas-malzeme-dusmesi-sonucu-oldu","status":"publish","type":"post","link":"https:\/\/www.egemtv.com\/?p=48089","title":{"rendered":"Hasar g\u00f6ren camide inceleme yapmak isteyen vatanda\u015f malzeme d\u00fc\u015fmesi sonucu \u00f6ld\u00fc"},"content":{"rendered":"<p>Bal\u0131kesir\u2019in S\u0131nd\u0131rg\u0131 il\u00e7esinde meydana gelen 6.1 b\u00fcy\u00fckl\u00fc\u011f\u00fcndeki deprem nedeniyle hasar g\u00f6ren Manisa\u2019n\u0131n G\u00f6rdes il\u00e7esindeki Kobaklar Mahalle Camisinde inceleme yapmak isteyen bir ki\u015fi \u00fczerine malzeme d\u00fc\u015fmesi sonucu hayat\u0131n\u0131 kaybetti.<br \/>\n<br \/>Bal\u0131kesir\u2019in S\u0131nd\u0131rg\u0131 il\u00e7esinde meydana gelen 6.1 b\u00fcy\u00fckl\u00fc\u011f\u00fcndeki deprem nedeniyle Manisa\u2019n\u0131n G\u00f6rdes il\u00e7esine ba\u011fl\u0131 Kobaklar Mahallesi\u2019ndeki cami hasar g\u00f6rd\u00fc. Depremin ard\u0131ndan yats\u0131 namaz\u0131 sonras\u0131 camide inceleme yapmak isteyen Mevl\u00fct Altungeyik ve \u0130brahim Kara inceleme yapt\u0131klar\u0131 s\u0131rada \u00fczerlerine malzeme d\u00fc\u015fmesi sonucu yaraland\u0131. Ambulansla hastaneye kald\u0131r\u0131lan Mevl\u00fct Altungeyik t\u00fcm m\u00fcdahalelere ra\u011fmen hayat\u0131n\u0131 kaybederken ya\u015fanan olayla ilgili soru\u015fturma ba\u015flat\u0131ld\u0131.<br \/><\/p>\n","protected":false},"excerpt":{"rendered":"<p>Bal\u0131kesir\u2019in S\u0131nd\u0131rg\u0131 il\u00e7esinde meydana gelen 6.1 b\u00fcy\u00fckl\u00fc\u011f\u00fcndeki deprem nedeniyle hasar g\u00f6ren Manisa\u2019n\u0131n G\u00f6rdes il\u00e7esindeki Kobaklar Mahalle Camisinde inceleme yapmak isteyen bir ki\u015fi \u00fczerine malzeme d\u00fc\u015fmesi sonucu hayat\u0131n\u0131 kaybetti. Bal\u0131kesir\u2019in S\u0131nd\u0131rg\u0131 il\u00e7esinde meydana gelen 6.1 b\u00fcy\u00fckl\u00fc\u011f\u00fcndeki deprem nedeniyle Manisa\u2019n\u0131n G\u00f6rdes il\u00e7esine ba\u011fl\u0131 Kobaklar Mahallesi\u2019ndeki cami hasar g\u00f6rd\u00fc. Depremin ard\u0131ndan yats\u0131 namaz\u0131 sonras\u0131 camide inceleme yapmak isteyen&#8230;<\/p>\n","protected":false},"author":1,"featured_media":48090,"comment_status":"open","ping_status":"open","sticky":false,"template":"","format":"standard","meta":{"_crdt_document":"","footnotes":""},"categories":[5],"tags":[],"class_list":["post-48089","post","type-post","status-publish","format-standard","has-post-thumbnail","hentry","category-asayis"],"_links":{"self":[{"href":"https:\/\/www.egemtv.com\/index.php?rest_route=\/wp\/v2\/posts\/48089","targetHints":{"allow":["GET"]}}],"collection":[{"href":"https:\/\/www.egemtv.com\/index.php?rest_route=\/wp\/v2\/posts"}],"about":[{"href":"https:\/\/www.egemtv.com\/index.php?rest_route=\/wp\/v2\/types\/post"}],"author":[{"embeddable":true,"href":"https:\/\/www.egemtv.com\/index.php?rest_route=\/wp\/v2\/users\/1"}],"replies":[{"embeddable":true,"href":"https:\/\/www.egemtv.com\/index.php?rest_route=%2Fwp%2Fv2%2Fcomments&post=48089"}],"version-history":[{"count":1,"href":"https:\/\/www.egemtv.com\/index.php?rest_route=\/wp\/v2\/posts\/48089\/revisions"}],"predecessor-version":[{"id":48091,"href":"https:\/\/www.egemtv.com\/index.php?rest_route=\/wp\/v2\/posts\/48089\/revisions\/48091"}],"wp:featuredmedia":[{"embeddable":true,"href":"https:\/\/www.egemtv.com\/index.php?rest_route=\/wp\/v2\/media\/48090"}],"wp:attachment":[{"href":"https:\/\/www.egemtv.com\/index.php?rest_route=%2Fwp%2Fv2%2Fmedia&parent=48089"}],"wp:term":[{"taxonomy":"category","embeddable":true,"href":"https:\/\/www.egemtv.com\/index.php?rest_route=%2Fwp%2Fv2%2Fcategories&post=48089"},{"taxonomy":"post_tag","embeddable":true,"href":"https:\/\/www.egemtv.com\/index.php?rest_route=%2Fwp%2Fv2%2Ftags&post=48089"}],"curies":[{"name":"wp","href":"https:\/\/api.w.org\/{rel}","templated":true}]}}