{"id":48086,"date":"2025-08-11T13:54:56","date_gmt":"2025-08-11T10:54:56","guid":{"rendered":"https:\/\/www.egemtv.com\/?p=48086"},"modified":"2025-08-11T13:54:57","modified_gmt":"2025-08-11T10:54:57","slug":"rektor-kent-cunku-biz-senin-basari-hikayene-inaniyoruz","status":"publish","type":"post","link":"https:\/\/www.egemtv.com\/?p=48086","title":{"rendered":"Rekt\u00f6r Kent: &#8220;\u00c7\u00fcnk\u00fc biz, senin ba\u015far\u0131 hikayene inan\u0131yoruz&#8221;"},"content":{"rendered":"<p>Bir\u00e7ok gen\u00e7 hayallerine ula\u015fmak amac\u0131yla \u00fcniversite tercihlerine devam ederken Ayd\u0131n Adnan Menderes \u00dcniversitesi (AD\u00dc) Rekt\u00f6r\u00fc Prof. Dr.  B\u00fclent Kent, gen\u00e7leri AD\u00dc\u2019ye davet ederek &#8220;\u00c7\u00fcnk\u00fc biz, senin ba\u015far\u0131 hikayene inan\u0131yoruz&#8221; dedi.<\/p>\n<p>\u00dcniversite s\u0131nav sonu\u00e7lar\u0131n\u0131n a\u00e7\u0131klanmas\u0131 ile birlikte \u00fclke genelinde bir\u00e7ok gencin tercih maratonu devam ediyor. Tercihlerin ba\u015flamas\u0131 ile birlikte Ayd\u0131n Adnan Menderes \u00dcniversitesi (AD\u00dc) Rekt\u00f6r\u00fc Prof. Dr.  B\u00fclent Kent, \u00fcniversite hayalleri kuran gen\u00e7leri AD\u00dc\u2019ye davet etti. Rekt\u00f6r Kent, sosyal medya hesab\u0131 \u00fczerinden gen\u00e7lere yapt\u0131\u011f\u0131 \u00e7a\u011fr\u0131da &#8220;Gelece\u011finize y\u00f6n verece\u011finiz bu yolda, sizleri k\u00f6kl\u00fc ge\u00e7mi\u015fimiz ve g\u00fc\u00e7l\u00fc akademik kadromuzla Ayd\u0131n Adnan Menderes \u00dcniversitesi ailesine bekliyoruz. \u00c7\u00fcnk\u00fc biz, senin ba\u015far\u0131 hikayene inan\u0131yoruz&#8221; ifadelerine yer verdi.<\/p>\n<p>&#8220;Ba\u015far\u0131 hikayeni birlikte yazal\u0131m&#8221;<br \/>\n<br \/>B\u00fcnyesinde 3 enstit\u00fc, 21 fak\u00fclte, 1 y\u00fcksek okul, 1 devlet konservatuvar\u0131, 19 meslek y\u00fcksek okulu bulunan Ayd\u0131n Adnan Menderes \u00dcniversitesi\u2019nden yap\u0131lan payla\u015f\u0131mda ise &#8220;Y\u00fczlerce farkl\u0131 birimde 5 bine yakla\u015fan personeli ve 50 bin \u00f6\u011frencisi ile b\u00fcy\u00fck AD\u00dc ailesinde sen de yerini al. Akreditasyon politikalar\u0131 ve devam eden s\u00fcre\u00e7leri ile AD\u00dc, Ara\u015ft\u0131rma \u00dcniversitesi olmak i\u00e7in emin ad\u0131mlarla ilerliyor. D\u00fcnya ile rekabet etmeye haz\u0131rsan hadi gel, senin ba\u015far\u0131 hikayeni birlikte yazal\u0131m. AD\u00dc, senin ba\u015far\u0131 hikayen. Kendin i\u00e7in en iyi \u00fcniversiteyi arad\u0131\u011f\u0131n\u0131 biliyoruz, T\u00fcrkiye\u2019nin en \u015fansl\u0131 kamp\u00fcslerinden biri olan AD\u00dc\u2019de sen de yerini al, gelece\u011fe birlikte y\u00fcr\u00fcyelim. T\u0131pta kalite odakl\u0131 e\u011fitim anlay\u0131\u015f\u0131 ve topluma hizmet misyonuyla \u00f6ne \u00e7\u0131kan, ulusal standartlara g\u00f6re akredite olan AD\u00dc T\u0131p, g\u00fc\u00e7l\u00fc akademik kadrosu, donan\u0131ml\u0131 altyap\u0131s\u0131 ve g\u00fcvenilir e\u011fitimiyle t\u0131p yolculu\u011funa sa\u011flam bir ad\u0131m atman i\u00e7in seni bekliyor&#8221; ifadeleri kullan\u0131ld\u0131.<br \/><\/p>\n","protected":false},"excerpt":{"rendered":"<p>Bir\u00e7ok gen\u00e7 hayallerine ula\u015fmak amac\u0131yla \u00fcniversite tercihlerine devam ederken Ayd\u0131n Adnan Menderes \u00dcniversitesi (AD\u00dc) Rekt\u00f6r\u00fc Prof. Dr. B\u00fclent Kent, gen\u00e7leri AD\u00dc\u2019ye davet ederek &#8220;\u00c7\u00fcnk\u00fc biz, senin ba\u015far\u0131 hikayene inan\u0131yoruz&#8221; dedi. \u00dcniversite s\u0131nav sonu\u00e7lar\u0131n\u0131n a\u00e7\u0131klanmas\u0131 ile birlikte \u00fclke genelinde bir\u00e7ok gencin tercih maratonu devam ediyor. Tercihlerin ba\u015flamas\u0131 ile birlikte Ayd\u0131n Adnan Menderes \u00dcniversitesi (AD\u00dc) Rekt\u00f6r\u00fc Prof&#8230;.<\/p>\n","protected":false},"author":1,"featured_media":48087,"comment_status":"open","ping_status":"open","sticky":false,"template":"","format":"standard","meta":{"_crdt_document":"","footnotes":""},"categories":[1],"tags":[],"class_list":["post-48086","post","type-post","status-publish","format-standard","has-post-thumbnail","hentry","category-guncel"],"_links":{"self":[{"href":"https:\/\/www.egemtv.com\/index.php?rest_route=\/wp\/v2\/posts\/48086","targetHints":{"allow":["GET"]}}],"collection":[{"href":"https:\/\/www.egemtv.com\/index.php?rest_route=\/wp\/v2\/posts"}],"about":[{"href":"https:\/\/www.egemtv.com\/index.php?rest_route=\/wp\/v2\/types\/post"}],"author":[{"embeddable":true,"href":"https:\/\/www.egemtv.com\/index.php?rest_route=\/wp\/v2\/users\/1"}],"replies":[{"embeddable":true,"href":"https:\/\/www.egemtv.com\/index.php?rest_route=%2Fwp%2Fv2%2Fcomments&post=48086"}],"version-history":[{"count":1,"href":"https:\/\/www.egemtv.com\/index.php?rest_route=\/wp\/v2\/posts\/48086\/revisions"}],"predecessor-version":[{"id":48088,"href":"https:\/\/www.egemtv.com\/index.php?rest_route=\/wp\/v2\/posts\/48086\/revisions\/48088"}],"wp:featuredmedia":[{"embeddable":true,"href":"https:\/\/www.egemtv.com\/index.php?rest_route=\/wp\/v2\/media\/48087"}],"wp:attachment":[{"href":"https:\/\/www.egemtv.com\/index.php?rest_route=%2Fwp%2Fv2%2Fmedia&parent=48086"}],"wp:term":[{"taxonomy":"category","embeddable":true,"href":"https:\/\/www.egemtv.com\/index.php?rest_route=%2Fwp%2Fv2%2Fcategories&post=48086"},{"taxonomy":"post_tag","embeddable":true,"href":"https:\/\/www.egemtv.com\/index.php?rest_route=%2Fwp%2Fv2%2Ftags&post=48086"}],"curies":[{"name":"wp","href":"https:\/\/api.w.org\/{rel}","templated":true}]}}