{"id":48083,"date":"2025-08-11T13:54:55","date_gmt":"2025-08-11T10:54:55","guid":{"rendered":"https:\/\/www.egemtv.com\/?p=48083"},"modified":"2025-08-11T13:54:56","modified_gmt":"2025-08-11T10:54:56","slug":"karabaglarda-pazarcilardan-kati-atik-bedeli-tepkisi","status":"publish","type":"post","link":"https:\/\/www.egemtv.com\/?p=48083","title":{"rendered":"Karaba\u011flar\u2019da pazarc\u0131lardan \u2018kat\u0131 at\u0131k bedeli\u2019 tepkisi"},"content":{"rendered":"<p>Karaba\u011flar Belediyesi\u2019nin pazarc\u0131 esnaf\u0131na y\u00f6nelik kat\u0131 at\u0131k bedellerini art\u0131rmas\u0131 tepkilere neden oldu. Belediye binas\u0131 \u00f6n\u00fcnde toplanan esnaf, uygulaman\u0131n hukuka ayk\u0131r\u0131 oldu\u011funu savunarak iptalini istedi. \u0130zmir Pazarc\u0131lar Derne\u011fi Ba\u015fkan\u0131 Faysal Acar, &#8220;600 pazarc\u0131 esnaf\u0131 ma\u011fdur ediliyor, tehditlere boyun e\u011fmeyece\u011fiz&#8221; dedi.<br \/>\n<br \/>Karaba\u011flar Belediyesi\u2019nin kat\u0131 at\u0131k bedellerinde yapt\u0131\u011f\u0131 art\u0131\u015f, il\u00e7ede tezg\u00e2h a\u00e7an pazarc\u0131 esnaf\u0131 taraf\u0131ndan protesto edildi. Daha \u00f6nce de bir\u00e7ok kez eylem yapan esnaf, bu kez belediye binas\u0131 \u00f6n\u00fcnde bir araya gelerek bas\u0131n a\u00e7\u0131klamas\u0131 d\u00fczenledi. Belediyeye ba\u011fl\u0131 zab\u0131ta ekiplerinin de bulundu\u011fu alanda zaman zaman k\u0131sa s\u00fcreli gerginlik ya\u015fand\u0131. Eylem s\u0131ras\u0131nda gen\u00e7 bir \u00e7ocu\u011fun belediye binas\u0131na yumurta atmas\u0131 \u00fczerine ortam gerildi. Ancak polisin ortam\u0131 sakinle\u015ftirmesiyle olay b\u00fcy\u00fcmeden sona erdi ve bas\u0131n a\u00e7\u0131klamas\u0131 devam etti.<\/p>\n<p>&#8220;Usuls\u00fcz bedel talep ediliyor\u2019\u2019<br \/>\n<br \/>\u0130zmir Pazarc\u0131lar Derne\u011fi Ba\u015fkan\u0131 ve ge\u00e7mi\u015f d\u00f6nem AK Parti Meclis \u00dcyesi Faysal Acar, yapt\u0131\u011f\u0131 a\u00e7\u0131klamada, &#8220;Karaba\u011flar\u2019da tezgah a\u00e7an 600 pazarc\u0131 esnaf\u0131 ma\u011fdur ediliyor. Bizden talep edilen 100-150 bin TL\u2019lik \u2018sorma ver\u2019 paralar\u0131n\u0131 ikinci kez \u00f6demeyece\u011fiz. \u00dclkemizin 81 ilinde, 922 il\u00e7esinde b\u00f6yle bir uygulama yok. Sadece son aylarda \u0130zmir\u2019de baz\u0131 belediyeler bu bedeli esnaftan usuls\u00fcz \u015fekilde talep etmeye ba\u015flad\u0131&#8221; dedi.<br \/>\n<br \/>Acar, belediye y\u00f6netimini ele\u015ftirerek, &#8220;Se\u00e7ildi\u011fi g\u00fcnden bu yana pazarc\u0131 esnaf\u0131n\u0131 sindirmeye \u00e7al\u0131\u015fan bir anlay\u0131\u015fla kar\u015f\u0131 kar\u015f\u0131yay\u0131z. Bu tehditlere boyun e\u011fmeyece\u011fiz. Kanunlar a\u00e7\u0131k, bu uygulama yasal de\u011fil&#8221; ifadelerini kulland\u0131.<\/p>\n<p>&#8220;170 milyon liral\u0131k y\u00fck&#8221;<br \/>\n<br \/>Eylemde konu\u015fan Avukat Batuhan Demir ise uygulaman\u0131n hukuki hi\u00e7bir dayana\u011f\u0131n\u0131n olmad\u0131\u011f\u0131n\u0131 savundu. Demir, &#8220;Yakla\u015f\u0131k 170 milyon TL\u2019lik bir y\u00fck pazarc\u0131 esnaf\u0131n\u0131n s\u0131rt\u0131na y\u00fcklenmek isteniyor. Pazarc\u0131lar haftada bir kulland\u0131klar\u0131 alan i\u00e7in zaten i\u015fgaliye \u00f6d\u00fcyor. Kat\u0131 at\u0131k bedelini yeniden tahsil etmek hukuka ayk\u0131r\u0131d\u0131r&#8221; dedi.<br \/>\n<br \/>Demir, ayr\u0131ca esnaf\u0131n ki\u015fisel bilgilerinin hukuka ayk\u0131r\u0131 \u015fekilde elde edilerek evlerine ceza tebligat\u0131 g\u00f6nderildi\u011fini \u00f6ne s\u00fcrd\u00fc. &#8220;Normalde zab\u0131ta pazarda g\u00f6r\u00fcr, varsa durumu yerinde tespit eder. Ancak burada ki\u015fisel bilgiler kullan\u0131larak evlere ceza g\u00f6nderildi. Bu hem g\u00f6revi k\u00f6t\u00fcye kullanma hem de ki\u015fisel verilerin ihlali su\u00e7unu olu\u015fturuyor&#8221; diyen Demir, gerekli su\u00e7 duyurular\u0131n\u0131 yapacaklar\u0131n\u0131 s\u00f6yledi.<\/p>\n<p>Hukuki s\u00fcre\u00e7 ba\u015flat\u0131ld\u0131<br \/>\n<br \/>Avukat Demir, idari mahkemede a\u00e7\u0131lan davan\u0131n s\u00fcrd\u00fc\u011f\u00fcn\u00fc belirterek, &#8220;Karaba\u011flar Belediye Meclisi\u2019nde de kat\u0131 at\u0131k bedeli tahsilat\u0131n\u0131n dava sonu\u00e7lanana kadar durdurulmas\u0131 y\u00f6n\u00fcnde \u00f6nerge verildi. Bu s\u00fcre\u00e7te biz de esnaf\u0131m\u0131zla birlikte hukuki m\u00fccadelemizi s\u00fcrd\u00fcrece\u011fiz&#8221; diye konu\u015ftu.<br \/><\/p>\n","protected":false},"excerpt":{"rendered":"<p>Karaba\u011flar Belediyesi\u2019nin pazarc\u0131 esnaf\u0131na y\u00f6nelik kat\u0131 at\u0131k bedellerini art\u0131rmas\u0131 tepkilere neden oldu. Belediye binas\u0131 \u00f6n\u00fcnde toplanan esnaf, uygulaman\u0131n hukuka ayk\u0131r\u0131 oldu\u011funu savunarak iptalini istedi. \u0130zmir Pazarc\u0131lar Derne\u011fi Ba\u015fkan\u0131 Faysal Acar, &#8220;600 pazarc\u0131 esnaf\u0131 ma\u011fdur ediliyor, tehditlere boyun e\u011fmeyece\u011fiz&#8221; dedi. Karaba\u011flar Belediyesi\u2019nin kat\u0131 at\u0131k bedellerinde yapt\u0131\u011f\u0131 art\u0131\u015f, il\u00e7ede tezg\u00e2h a\u00e7an pazarc\u0131 esnaf\u0131 taraf\u0131ndan protesto edildi. Daha&#8230;<\/p>\n","protected":false},"author":1,"featured_media":48084,"comment_status":"open","ping_status":"open","sticky":false,"template":"","format":"standard","meta":{"_crdt_document":"","footnotes":""},"categories":[1],"tags":[],"class_list":["post-48083","post","type-post","status-publish","format-standard","has-post-thumbnail","hentry","category-guncel"],"_links":{"self":[{"href":"https:\/\/www.egemtv.com\/index.php?rest_route=\/wp\/v2\/posts\/48083","targetHints":{"allow":["GET"]}}],"collection":[{"href":"https:\/\/www.egemtv.com\/index.php?rest_route=\/wp\/v2\/posts"}],"about":[{"href":"https:\/\/www.egemtv.com\/index.php?rest_route=\/wp\/v2\/types\/post"}],"author":[{"embeddable":true,"href":"https:\/\/www.egemtv.com\/index.php?rest_route=\/wp\/v2\/users\/1"}],"replies":[{"embeddable":true,"href":"https:\/\/www.egemtv.com\/index.php?rest_route=%2Fwp%2Fv2%2Fcomments&post=48083"}],"version-history":[{"count":1,"href":"https:\/\/www.egemtv.com\/index.php?rest_route=\/wp\/v2\/posts\/48083\/revisions"}],"predecessor-version":[{"id":48085,"href":"https:\/\/www.egemtv.com\/index.php?rest_route=\/wp\/v2\/posts\/48083\/revisions\/48085"}],"wp:featuredmedia":[{"embeddable":true,"href":"https:\/\/www.egemtv.com\/index.php?rest_route=\/wp\/v2\/media\/48084"}],"wp:attachment":[{"href":"https:\/\/www.egemtv.com\/index.php?rest_route=%2Fwp%2Fv2%2Fmedia&parent=48083"}],"wp:term":[{"taxonomy":"category","embeddable":true,"href":"https:\/\/www.egemtv.com\/index.php?rest_route=%2Fwp%2Fv2%2Fcategories&post=48083"},{"taxonomy":"post_tag","embeddable":true,"href":"https:\/\/www.egemtv.com\/index.php?rest_route=%2Fwp%2Fv2%2Ftags&post=48083"}],"curies":[{"name":"wp","href":"https:\/\/api.w.org\/{rel}","templated":true}]}}