{"id":48080,"date":"2025-08-11T13:45:18","date_gmt":"2025-08-11T10:45:18","guid":{"rendered":"https:\/\/www.egemtv.com\/?p=48080"},"modified":"2025-08-11T13:45:19","modified_gmt":"2025-08-11T10:45:19","slug":"aselsannetten-bilisim-500de-onemli-basari","status":"publish","type":"post","link":"https:\/\/www.egemtv.com\/?p=48080","title":{"rendered":"Aselsannet\u2019ten Bili\u015fim 500\u2019de \u00f6nemli ba\u015far\u0131"},"content":{"rendered":"\n<p class=\"wp-block-paragraph\"><strong>Aselsannet, Bili\u015fim 500\u2019de 6 kategoride ilk 3\u2019te<\/strong><\/p>\n\n\n\n<p class=\"wp-block-paragraph\">T\u00fcrkiye&#8217;de haberle\u015fme, g\u00fcvenlik sistemleri ve bilgi teknolojileri alanlar\u0131nda faaliyet g\u00f6steren, Aselsan\u2019\u0131n i\u015ftiraki Aselsannet, <strong>BT Haber<\/strong> taraf\u0131ndan her y\u0131l d\u00fczenlenen T\u00fcrkiye\u2019nin ilk 500 Bili\u015fim \u015eirketi Ara\u015ft\u0131rmas\u0131n\u0131n 2024 y\u0131l\u0131n\u0131 i\u00e7eren sonu\u00e7lar\u0131na g\u00f6re, Sistem Entegrat\u00f6r\u00fc ve \u0130\u015f Orta\u011f\u0131 ana kategorisinin alt\u0131nda toplam alt\u0131 kategoride ilk \u00fc\u00e7 s\u0131rada yer ald\u0131.<\/p>\n\n\n\n<p class=\"wp-block-paragraph\"><strong>BT Haber<\/strong> taraf\u0131ndan her y\u0131l d\u00fczenlenen T\u00fcrkiye\u2019nin ilk 500 Bili\u015fim \u015eirketi Ara\u015ft\u0131rmas\u0131n\u0131n 2024 y\u0131l\u0131n\u0131 i\u00e7eren sonu\u00e7lar\u0131 7 A\u011fustos 2025 tarihinde kamuoyu ile payla\u015f\u0131ld\u0131. Aselsannet, Sistem Entegrat\u00f6r\u00fc ve \u0130\u015f Orta\u011f\u0131 ana kategorisinin alt\u0131nda toplam alt\u0131 kategoride ilk \u00fc\u00e7 s\u0131rada yer ald\u0131. Bu s\u0131ralamalara g\u00f6re Aselsannet, <strong>Kurulum Bak\u0131m Destek Hizmeti<\/strong> ve <strong>IoT \/ M2M<\/strong> kategorilerinde birincilik, <strong>Donan\u0131m- Sunucu<\/strong> ve <strong>Donan\u0131m- Masa\u00fcst\u00fc Bilgisayar ve OEM<\/strong> <strong>\u00dcr\u00fcnleri<\/strong> kategorilerinde ikincilik, <strong>Donan\u0131m- A\u011f Donan\u0131m\u0131 <\/strong>ve<strong> Donan\u0131m- G\u00f6r\u00fcnt\u00fc ve Ses Sistemleri <\/strong>kategorilerinde \u00fc\u00e7\u00fcnc\u00fcl\u00fck derecelerine imza atarak bili\u015fim sekt\u00f6r\u00fcnde \u00f6nemli ve g\u00fcvenilir bir oyuncu oldu\u011funu g\u00f6sterdi.<\/p>\n\n\n\n<p class=\"wp-block-paragraph\">Aselsannet Genel M\u00fcd\u00fcr\u00fc Recep Ali Erdo\u011fan, \u015firketin bu ba\u015far\u0131s\u0131n\u0131n arkas\u0131nda ekosistemdeki payda\u015flar\u0131 ile g\u00fcvene dayal\u0131 \u00e7al\u0131\u015fma prensibinin, g\u00fc\u00e7l\u00fc ileti\u015fimin ve \u015firketin s\u00fcrd\u00fcr\u00fclebilir b\u00fcy\u00fcme stratejisinin yer ald\u0131\u011f\u0131n\u0131 vurgulad\u0131. Erdo\u011fan \u00f6n\u00fcm\u00fczdeki y\u0131l yine bu zamanlar a\u00e7\u0131klanacak olan 2025 y\u0131l\u0131 Bili\u015fim 500 ara\u015ft\u0131rmas\u0131nda Aselsannet\u2019in hem ciro anlam\u0131nda, hem de derece elde edece\u011fi kategoriler baz\u0131nda daha \u00fcst s\u0131ralarda yer alaca\u011f\u0131n\u0131 kaydetti.<\/p>\n","protected":false},"excerpt":{"rendered":"<p>Aselsannet, Bili\u015fim 500\u2019de 6 kategoride ilk 3\u2019te T\u00fcrkiye&#8217;de haberle\u015fme, g\u00fcvenlik sistemleri ve bilgi teknolojileri alanlar\u0131nda faaliyet g\u00f6steren, Aselsan\u2019\u0131n i\u015ftiraki Aselsannet, BT Haber taraf\u0131ndan her y\u0131l d\u00fczenlenen T\u00fcrkiye\u2019nin ilk 500 Bili\u015fim \u015eirketi Ara\u015ft\u0131rmas\u0131n\u0131n 2024 y\u0131l\u0131n\u0131 i\u00e7eren sonu\u00e7lar\u0131na g\u00f6re, Sistem Entegrat\u00f6r\u00fc ve \u0130\u015f Orta\u011f\u0131 ana kategorisinin alt\u0131nda toplam alt\u0131 kategoride ilk \u00fc\u00e7 s\u0131rada yer ald\u0131. BT Haber&#8230;<\/p>\n","protected":false},"author":1,"featured_media":48081,"comment_status":"open","ping_status":"open","sticky":false,"template":"","format":"standard","meta":{"_crdt_document":"","footnotes":""},"categories":[123],"tags":[],"class_list":["post-48080","post","type-post","status-publish","format-standard","has-post-thumbnail","hentry","category-gundem"],"_links":{"self":[{"href":"https:\/\/www.egemtv.com\/index.php?rest_route=\/wp\/v2\/posts\/48080","targetHints":{"allow":["GET"]}}],"collection":[{"href":"https:\/\/www.egemtv.com\/index.php?rest_route=\/wp\/v2\/posts"}],"about":[{"href":"https:\/\/www.egemtv.com\/index.php?rest_route=\/wp\/v2\/types\/post"}],"author":[{"embeddable":true,"href":"https:\/\/www.egemtv.com\/index.php?rest_route=\/wp\/v2\/users\/1"}],"replies":[{"embeddable":true,"href":"https:\/\/www.egemtv.com\/index.php?rest_route=%2Fwp%2Fv2%2Fcomments&post=48080"}],"version-history":[{"count":1,"href":"https:\/\/www.egemtv.com\/index.php?rest_route=\/wp\/v2\/posts\/48080\/revisions"}],"predecessor-version":[{"id":48082,"href":"https:\/\/www.egemtv.com\/index.php?rest_route=\/wp\/v2\/posts\/48080\/revisions\/48082"}],"wp:featuredmedia":[{"embeddable":true,"href":"https:\/\/www.egemtv.com\/index.php?rest_route=\/wp\/v2\/media\/48081"}],"wp:attachment":[{"href":"https:\/\/www.egemtv.com\/index.php?rest_route=%2Fwp%2Fv2%2Fmedia&parent=48080"}],"wp:term":[{"taxonomy":"category","embeddable":true,"href":"https:\/\/www.egemtv.com\/index.php?rest_route=%2Fwp%2Fv2%2Fcategories&post=48080"},{"taxonomy":"post_tag","embeddable":true,"href":"https:\/\/www.egemtv.com\/index.php?rest_route=%2Fwp%2Fv2%2Ftags&post=48080"}],"curies":[{"name":"wp","href":"https:\/\/api.w.org\/{rel}","templated":true}]}}